{"id":884,"date":"2023-10-29T06:25:18","date_gmt":"2023-10-29T05:25:18","guid":{"rendered":"https:\/\/damasalemanas.de\/?p=884"},"modified":"2023-11-01T16:48:09","modified_gmt":"2023-11-01T15:48:09","slug":"bundesverdienstkreuz-fuer-unsere-vorsitzende-beatriz-schlenker","status":"publish","type":"post","link":"https:\/\/damasalemanas.de\/esp\/bundesverdienstkreuz-fuer-unsere-vorsitzende-beatriz-schlenker\/","title":{"rendered":"Bundesverdienstkreuz f\u00fcr unsere Vorsitzende Beatriz Schlenker!\u00a0"},"content":{"rendered":"<p>\u201eIch glaube an soziales Engagement, denn auf dieser Welt gibt es viele Menschen, die unser Engagement brauchen!\u201c. Seit 2001 ist die Kolumbianerin Beatriz Schlenker bei den Damas Alemanas. Als unerm\u00fcdliche Organisatorin und Netzwerkerin, und immer wieder auch als Vorsitzende des Vereins. Am 18. Oktober dieses Jahres hat sie f\u00fcr ihren Einsatz aus der Hand des deutschen Botschafters Dr. Philipp Schauer in Quito das Bundesverdienstkreuz erhalten.<\/p>\n\n\n\n<p>Alle Projekte ihrer Organisation kennt sie aus pers\u00f6nlicher Anschauung. Der in ganz Quito bekannte Weihnachtsbasar der Damas, bis vor Kurzem die Haupteinnahmequelle der Organisation, w\u00e4re nicht vorstellbar ohne die \u201eSe\u00f1ora Beatriz\u201c. Sie kontaktiert die Aussteller, besorgt im letzten Moment noch Kaffeefilter, steht am Basartag um 3 Uhr morgens auf und bleibt nach der Veranstaltung, bis auch der letzte Cent abgerechnet ist. Gleichzeitig hat Beatriz Schlenker in den vielen Jahren ihrer T\u00e4tigkeit so manchen Wandel bei den Damas miterlebt und mitgestaltet. Bei der Gr\u00fcndung des Hilfsvereins im Jahr 1978 waren es vor allem die Ehefrauen entsandter deutscher Firmenrepr\u00e4sentanten, Lehrer und Diplomaten, die sich in ihrem Gastland Ecuador sozial engagierten. Heute wird auf den Sitzungen der Damas Alemanas immer noch Deutsch gesprochen; die engagierten Frauen jedoch kommen aus zahlreichen L\u00e4ndern und oft aus einem qualifizierten Berufsleben. Sie wollen professionelle Projekte planen, konkret Dinge bewegen, ein funktionierendes Netzwerk zwischen deutschen und ecuadorianischen Engagierten schaffen.&nbsp;<\/p>\n\n\n\n<p>Bei der Damas-Vorsitzenden, die zum Ausruhen niemals Zeit hat, sind sie da richtig. \u201eMan ist unruhig, so lange man noch Hoffnung hat\u201c, zitiert Beatriz Schlenker Herrmann Hesse. Und, an ihre Mitstreiterinnen gerichtet: \u201eDanke, dass Ihr Eure Unruhe mit mir teilt!\u201c<\/p>\n\n\n\n<figure class=\"wp-block-image size-large\"><img loading=\"lazy\" decoding=\"async\" width=\"1024\" height=\"576\" src=\"https:\/\/damasalemanas.de\/wp-content\/uploads\/2023\/10\/Bundesverdienstkreuz-Damas.001-1024x576.jpeg\" alt=\"Viele Damas Alemanas waren bei der feierlichen Zeremonie vor Ort. Foto \u00a9 Andreas Gruner\" class=\"wp-image-886\" srcset=\"https:\/\/damasalemanas.de\/wp-content\/uploads\/2023\/10\/Bundesverdienstkreuz-Damas.001-1024x576.jpeg 1024w, https:\/\/damasalemanas.de\/wp-content\/uploads\/2023\/10\/Bundesverdienstkreuz-Damas.001-300x169.jpeg 300w, https:\/\/damasalemanas.de\/wp-content\/uploads\/2023\/10\/Bundesverdienstkreuz-Damas.001-768x432.jpeg 768w, https:\/\/damasalemanas.de\/wp-content\/uploads\/2023\/10\/Bundesverdienstkreuz-Damas.001-1536x864.jpeg 1536w, https:\/\/damasalemanas.de\/wp-content\/uploads\/2023\/10\/Bundesverdienstkreuz-Damas.001-18x10.jpeg 18w, https:\/\/damasalemanas.de\/wp-content\/uploads\/2023\/10\/Bundesverdienstkreuz-Damas.001-1200x675.jpeg 1200w, https:\/\/damasalemanas.de\/wp-content\/uploads\/2023\/10\/Bundesverdienstkreuz-Damas.001.jpeg 1920w\" sizes=\"auto, (max-width: 1024px) 100vw, 1024px\" \/><figcaption class=\"wp-element-caption\">Viele Damas Alemanas waren bei der feierlichen Zeremonie vor Ort. Foto \u00a9 Andreas Gruner<\/figcaption><\/figure>\n\n\n\n<p><a href=\"https:\/\/benitaschauer.de\/leben-und-gesellschaft\/unser-motto-ist-die-tat-der-hilfsverein-der-damas-alemanas\/\">Noch mehr \u00fcber die Damas gibt es im Blog von Benita Schauer<\/a>.<\/p>\n\n\n\n<p>Wir Damas Alemanas freuen uns \u00fcber jede noch so kleine Spende. <a href=\"https:\/\/damasalemanas.de\/esp\/helfen\/\">Helfen auch Sie<\/a>!<\/p>","protected":false},"excerpt":{"rendered":"<p>\u201eIch glaube an soziales Engagement, denn auf dieser Welt gibt es viele Menschen, die unser Engagement brauchen!\u201c. Seit 2001 ist die Kolumbianerin Beatriz Schlenker bei den Damas Alemanas. Als unerm\u00fcdliche Organisatorin und Netzwerkerin, und immer wieder auch als Vorsitzende des Vereins. Am 18. Oktober dieses Jahres hat sie f\u00fcr ihren Einsatz aus der Hand des [&hellip;]<\/p>","protected":false},"author":1,"featured_media":889,"comment_status":"open","ping_status":"open","sticky":false,"template":"","format":"standard","meta":{"footnotes":""},"categories":[1],"tags":[],"class_list":["post-884","post","type-post","status-publish","format-standard","has-post-thumbnail","hentry","category-allgemein"],"yoast_head":"<!-- This site is optimized with the Yoast SEO plugin v27.5 - https:\/\/yoast.com\/product\/yoast-seo-wordpress\/ -->\n<title>Beatriz Schlenker erh\u00e4lt das Bundesverdienstkreuz<\/title>\n<meta name=\"description\" content=\"Die Vorsitzende der Damas Alemanas in Ecuador erh\u00e4lt das Bundesverdienstkreuz; \u00fcbergeben vom deutschen Botschafter Dr. Philipp Schauer.\" \/>\n<meta name=\"robots\" content=\"index, follow, max-snippet:-1, max-image-preview:large, max-video-preview:-1\" \/>\n<link rel=\"canonical\" href=\"https:\/\/damasalemanas.de\/esp\/bundesverdienstkreuz-fuer-unsere-vorsitzende-beatriz-schlenker\/\" \/>\n<meta property=\"og:locale\" content=\"es_ES\" \/>\n<meta property=\"og:type\" content=\"article\" \/>\n<meta property=\"og:title\" content=\"Beatriz Schlenker erh\u00e4lt das Bundesverdienstkreuz\" \/>\n<meta property=\"og:description\" content=\"Die Vorsitzende der Damas Alemanas in Ecuador erh\u00e4lt das Bundesverdienstkreuz; \u00fcbergeben vom deutschen Botschafter Dr. Philipp Schauer.\" \/>\n<meta property=\"og:url\" content=\"https:\/\/damasalemanas.de\/esp\/bundesverdienstkreuz-fuer-unsere-vorsitzende-beatriz-schlenker\/\" \/>\n<meta property=\"og:site_name\" content=\"Damas Alemanas Ecuador\" \/>\n<meta property=\"article:published_time\" content=\"2023-10-29T05:25:18+00:00\" \/>\n<meta property=\"article:modified_time\" content=\"2023-11-01T15:48:09+00:00\" \/>\n<meta property=\"og:image\" content=\"https:\/\/damasalemanas.de\/wp-content\/uploads\/2023\/10\/Titelbild-Bundesverdienstkreuz.001.jpeg\" \/>\n\t<meta property=\"og:image:width\" content=\"1920\" \/>\n\t<meta property=\"og:image:height\" content=\"1080\" \/>\n\t<meta property=\"og:image:type\" content=\"image\/jpeg\" \/>\n<meta name=\"author\" content=\"admin\" \/>\n<meta name=\"twitter:card\" content=\"summary_large_image\" \/>\n<script type=\"application\/ld+json\" class=\"yoast-schema-graph\">{\"@context\":\"https:\\\/\\\/schema.org\",\"@graph\":[{\"@type\":\"Article\",\"@id\":\"https:\\\/\\\/damasalemanas.de\\\/bundesverdienstkreuz-fuer-unsere-vorsitzende-beatriz-schlenker\\\/#article\",\"isPartOf\":{\"@id\":\"https:\\\/\\\/damasalemanas.de\\\/bundesverdienstkreuz-fuer-unsere-vorsitzende-beatriz-schlenker\\\/\"},\"author\":{\"name\":\"admin\",\"@id\":\"https:\\\/\\\/damasalemanas.de\\\/#\\\/schema\\\/person\\\/2121e65a3b20e7731d80d5f06921e536\"},\"headline\":\"Bundesverdienstkreuz f\u00fcr unsere Vorsitzende Beatriz Schlenker!\u00a0\",\"datePublished\":\"2023-10-29T05:25:18+00:00\",\"dateModified\":\"2023-11-01T15:48:09+00:00\",\"mainEntityOfPage\":{\"@id\":\"https:\\\/\\\/damasalemanas.de\\\/bundesverdienstkreuz-fuer-unsere-vorsitzende-beatriz-schlenker\\\/\"},\"wordCount\":308,\"commentCount\":4,\"publisher\":{\"@id\":\"https:\\\/\\\/damasalemanas.de\\\/#organization\"},\"image\":{\"@id\":\"https:\\\/\\\/damasalemanas.de\\\/bundesverdienstkreuz-fuer-unsere-vorsitzende-beatriz-schlenker\\\/#primaryimage\"},\"thumbnailUrl\":\"https:\\\/\\\/damasalemanas.de\\\/wp-content\\\/uploads\\\/2023\\\/10\\\/Titelbild-Bundesverdienstkreuz.001.jpeg\",\"articleSection\":[\"Allgemein\"],\"inLanguage\":\"es\",\"potentialAction\":[{\"@type\":\"CommentAction\",\"name\":\"Comment\",\"target\":[\"https:\\\/\\\/damasalemanas.de\\\/bundesverdienstkreuz-fuer-unsere-vorsitzende-beatriz-schlenker\\\/#respond\"]}]},{\"@type\":\"WebPage\",\"@id\":\"https:\\\/\\\/damasalemanas.de\\\/bundesverdienstkreuz-fuer-unsere-vorsitzende-beatriz-schlenker\\\/\",\"url\":\"https:\\\/\\\/damasalemanas.de\\\/bundesverdienstkreuz-fuer-unsere-vorsitzende-beatriz-schlenker\\\/\",\"name\":\"Beatriz Schlenker erh\u00e4lt das Bundesverdienstkreuz\",\"isPartOf\":{\"@id\":\"https:\\\/\\\/damasalemanas.de\\\/#website\"},\"primaryImageOfPage\":{\"@id\":\"https:\\\/\\\/damasalemanas.de\\\/bundesverdienstkreuz-fuer-unsere-vorsitzende-beatriz-schlenker\\\/#primaryimage\"},\"image\":{\"@id\":\"https:\\\/\\\/damasalemanas.de\\\/bundesverdienstkreuz-fuer-unsere-vorsitzende-beatriz-schlenker\\\/#primaryimage\"},\"thumbnailUrl\":\"https:\\\/\\\/damasalemanas.de\\\/wp-content\\\/uploads\\\/2023\\\/10\\\/Titelbild-Bundesverdienstkreuz.001.jpeg\",\"datePublished\":\"2023-10-29T05:25:18+00:00\",\"dateModified\":\"2023-11-01T15:48:09+00:00\",\"description\":\"Die Vorsitzende der Damas Alemanas in Ecuador erh\u00e4lt das Bundesverdienstkreuz; \u00fcbergeben vom deutschen Botschafter Dr. Philipp Schauer.\",\"breadcrumb\":{\"@id\":\"https:\\\/\\\/damasalemanas.de\\\/bundesverdienstkreuz-fuer-unsere-vorsitzende-beatriz-schlenker\\\/#breadcrumb\"},\"inLanguage\":\"es\",\"potentialAction\":[{\"@type\":\"ReadAction\",\"target\":[\"https:\\\/\\\/damasalemanas.de\\\/bundesverdienstkreuz-fuer-unsere-vorsitzende-beatriz-schlenker\\\/\"]}]},{\"@type\":\"ImageObject\",\"inLanguage\":\"es\",\"@id\":\"https:\\\/\\\/damasalemanas.de\\\/bundesverdienstkreuz-fuer-unsere-vorsitzende-beatriz-schlenker\\\/#primaryimage\",\"url\":\"https:\\\/\\\/damasalemanas.de\\\/wp-content\\\/uploads\\\/2023\\\/10\\\/Titelbild-Bundesverdienstkreuz.001.jpeg\",\"contentUrl\":\"https:\\\/\\\/damasalemanas.de\\\/wp-content\\\/uploads\\\/2023\\\/10\\\/Titelbild-Bundesverdienstkreuz.001.jpeg\",\"width\":1920,\"height\":1080,\"caption\":\"Beatriz Schlenker erh\u00e4lt das Bundesverdienstkreuz. Foto \u00a9 Christoph Hirtz\"},{\"@type\":\"BreadcrumbList\",\"@id\":\"https:\\\/\\\/damasalemanas.de\\\/bundesverdienstkreuz-fuer-unsere-vorsitzende-beatriz-schlenker\\\/#breadcrumb\",\"itemListElement\":[{\"@type\":\"ListItem\",\"position\":1,\"name\":\"Startseite\",\"item\":\"https:\\\/\\\/damasalemanas.de\\\/\"},{\"@type\":\"ListItem\",\"position\":2,\"name\":\"Bundesverdienstkreuz f\u00fcr unsere Vorsitzende Beatriz Schlenker!\u00a0\"}]},{\"@type\":\"WebSite\",\"@id\":\"https:\\\/\\\/damasalemanas.de\\\/#website\",\"url\":\"https:\\\/\\\/damasalemanas.de\\\/\",\"name\":\"Damas Alemanas Ecuador\",\"description\":\"\",\"publisher\":{\"@id\":\"https:\\\/\\\/damasalemanas.de\\\/#organization\"},\"potentialAction\":[{\"@type\":\"SearchAction\",\"target\":{\"@type\":\"EntryPoint\",\"urlTemplate\":\"https:\\\/\\\/damasalemanas.de\\\/?s={search_term_string}\"},\"query-input\":{\"@type\":\"PropertyValueSpecification\",\"valueRequired\":true,\"valueName\":\"search_term_string\"}}],\"inLanguage\":\"es\"},{\"@type\":\"Organization\",\"@id\":\"https:\\\/\\\/damasalemanas.de\\\/#organization\",\"name\":\"Damas Alemanas Ecuador\",\"url\":\"https:\\\/\\\/damasalemanas.de\\\/\",\"logo\":{\"@type\":\"ImageObject\",\"inLanguage\":\"es\",\"@id\":\"https:\\\/\\\/damasalemanas.de\\\/#\\\/schema\\\/logo\\\/image\\\/\",\"url\":\"https:\\\/\\\/damasalemanas.de\\\/wp-content\\\/uploads\\\/2020\\\/10\\\/cropped-Logo-Damas-Alemanas-1.png\",\"contentUrl\":\"https:\\\/\\\/damasalemanas.de\\\/wp-content\\\/uploads\\\/2020\\\/10\\\/cropped-Logo-Damas-Alemanas-1.png\",\"width\":487,\"height\":260,\"caption\":\"Damas Alemanas Ecuador\"},\"image\":{\"@id\":\"https:\\\/\\\/damasalemanas.de\\\/#\\\/schema\\\/logo\\\/image\\\/\"}},{\"@type\":\"Person\",\"@id\":\"https:\\\/\\\/damasalemanas.de\\\/#\\\/schema\\\/person\\\/2121e65a3b20e7731d80d5f06921e536\",\"name\":\"admin\",\"image\":{\"@type\":\"ImageObject\",\"inLanguage\":\"es\",\"@id\":\"https:\\\/\\\/secure.gravatar.com\\\/avatar\\\/156e7b31ea9a70fc0b219ffacd7910c2f6c6075e41ada4bcc0bcb57178704e34?s=96&d=blank&r=g\",\"url\":\"https:\\\/\\\/secure.gravatar.com\\\/avatar\\\/156e7b31ea9a70fc0b219ffacd7910c2f6c6075e41ada4bcc0bcb57178704e34?s=96&d=blank&r=g\",\"contentUrl\":\"https:\\\/\\\/secure.gravatar.com\\\/avatar\\\/156e7b31ea9a70fc0b219ffacd7910c2f6c6075e41ada4bcc0bcb57178704e34?s=96&d=blank&r=g\",\"caption\":\"admin\"},\"sameAs\":[\"https:\\\/\\\/damasalemanas.de\"],\"url\":\"https:\\\/\\\/damasalemanas.de\\\/esp\\\/author\\\/admin\\\/\"}]}<\/script>\n<!-- \/ Yoast SEO plugin. -->","yoast_head_json":{"title":"Beatriz Schlenker erh\u00e4lt das Bundesverdienstkreuz","description":"Die Vorsitzende der Damas Alemanas in Ecuador erh\u00e4lt das Bundesverdienstkreuz; \u00fcbergeben vom deutschen Botschafter Dr. Philipp Schauer.","robots":{"index":"index","follow":"follow","max-snippet":"max-snippet:-1","max-image-preview":"max-image-preview:large","max-video-preview":"max-video-preview:-1"},"canonical":"https:\/\/damasalemanas.de\/esp\/bundesverdienstkreuz-fuer-unsere-vorsitzende-beatriz-schlenker\/","og_locale":"es_ES","og_type":"article","og_title":"Beatriz Schlenker erh\u00e4lt das Bundesverdienstkreuz","og_description":"Die Vorsitzende der Damas Alemanas in Ecuador erh\u00e4lt das Bundesverdienstkreuz; \u00fcbergeben vom deutschen Botschafter Dr. Philipp Schauer.","og_url":"https:\/\/damasalemanas.de\/esp\/bundesverdienstkreuz-fuer-unsere-vorsitzende-beatriz-schlenker\/","og_site_name":"Damas Alemanas Ecuador","article_published_time":"2023-10-29T05:25:18+00:00","article_modified_time":"2023-11-01T15:48:09+00:00","og_image":[{"width":1920,"height":1080,"url":"https:\/\/damasalemanas.de\/wp-content\/uploads\/2023\/10\/Titelbild-Bundesverdienstkreuz.001.jpeg","type":"image\/jpeg"}],"author":"admin","twitter_card":"summary_large_image","schema":{"@context":"https:\/\/schema.org","@graph":[{"@type":"Article","@id":"https:\/\/damasalemanas.de\/bundesverdienstkreuz-fuer-unsere-vorsitzende-beatriz-schlenker\/#article","isPartOf":{"@id":"https:\/\/damasalemanas.de\/bundesverdienstkreuz-fuer-unsere-vorsitzende-beatriz-schlenker\/"},"author":{"name":"admin","@id":"https:\/\/damasalemanas.de\/#\/schema\/person\/2121e65a3b20e7731d80d5f06921e536"},"headline":"Bundesverdienstkreuz f\u00fcr unsere Vorsitzende Beatriz Schlenker!\u00a0","datePublished":"2023-10-29T05:25:18+00:00","dateModified":"2023-11-01T15:48:09+00:00","mainEntityOfPage":{"@id":"https:\/\/damasalemanas.de\/bundesverdienstkreuz-fuer-unsere-vorsitzende-beatriz-schlenker\/"},"wordCount":308,"commentCount":4,"publisher":{"@id":"https:\/\/damasalemanas.de\/#organization"},"image":{"@id":"https:\/\/damasalemanas.de\/bundesverdienstkreuz-fuer-unsere-vorsitzende-beatriz-schlenker\/#primaryimage"},"thumbnailUrl":"https:\/\/damasalemanas.de\/wp-content\/uploads\/2023\/10\/Titelbild-Bundesverdienstkreuz.001.jpeg","articleSection":["Allgemein"],"inLanguage":"es","potentialAction":[{"@type":"CommentAction","name":"Comment","target":["https:\/\/damasalemanas.de\/bundesverdienstkreuz-fuer-unsere-vorsitzende-beatriz-schlenker\/#respond"]}]},{"@type":"WebPage","@id":"https:\/\/damasalemanas.de\/bundesverdienstkreuz-fuer-unsere-vorsitzende-beatriz-schlenker\/","url":"https:\/\/damasalemanas.de\/bundesverdienstkreuz-fuer-unsere-vorsitzende-beatriz-schlenker\/","name":"Beatriz Schlenker erh\u00e4lt das Bundesverdienstkreuz","isPartOf":{"@id":"https:\/\/damasalemanas.de\/#website"},"primaryImageOfPage":{"@id":"https:\/\/damasalemanas.de\/bundesverdienstkreuz-fuer-unsere-vorsitzende-beatriz-schlenker\/#primaryimage"},"image":{"@id":"https:\/\/damasalemanas.de\/bundesverdienstkreuz-fuer-unsere-vorsitzende-beatriz-schlenker\/#primaryimage"},"thumbnailUrl":"https:\/\/damasalemanas.de\/wp-content\/uploads\/2023\/10\/Titelbild-Bundesverdienstkreuz.001.jpeg","datePublished":"2023-10-29T05:25:18+00:00","dateModified":"2023-11-01T15:48:09+00:00","description":"Die Vorsitzende der Damas Alemanas in Ecuador erh\u00e4lt das Bundesverdienstkreuz; \u00fcbergeben vom deutschen Botschafter Dr. Philipp Schauer.","breadcrumb":{"@id":"https:\/\/damasalemanas.de\/bundesverdienstkreuz-fuer-unsere-vorsitzende-beatriz-schlenker\/#breadcrumb"},"inLanguage":"es","potentialAction":[{"@type":"ReadAction","target":["https:\/\/damasalemanas.de\/bundesverdienstkreuz-fuer-unsere-vorsitzende-beatriz-schlenker\/"]}]},{"@type":"ImageObject","inLanguage":"es","@id":"https:\/\/damasalemanas.de\/bundesverdienstkreuz-fuer-unsere-vorsitzende-beatriz-schlenker\/#primaryimage","url":"https:\/\/damasalemanas.de\/wp-content\/uploads\/2023\/10\/Titelbild-Bundesverdienstkreuz.001.jpeg","contentUrl":"https:\/\/damasalemanas.de\/wp-content\/uploads\/2023\/10\/Titelbild-Bundesverdienstkreuz.001.jpeg","width":1920,"height":1080,"caption":"Beatriz Schlenker erh\u00e4lt das Bundesverdienstkreuz. Foto \u00a9 Christoph Hirtz"},{"@type":"BreadcrumbList","@id":"https:\/\/damasalemanas.de\/bundesverdienstkreuz-fuer-unsere-vorsitzende-beatriz-schlenker\/#breadcrumb","itemListElement":[{"@type":"ListItem","position":1,"name":"Startseite","item":"https:\/\/damasalemanas.de\/"},{"@type":"ListItem","position":2,"name":"Bundesverdienstkreuz f\u00fcr unsere Vorsitzende Beatriz Schlenker!\u00a0"}]},{"@type":"WebSite","@id":"https:\/\/damasalemanas.de\/#website","url":"https:\/\/damasalemanas.de\/","name":"Damas Alemanas Ecuador","description":"","publisher":{"@id":"https:\/\/damasalemanas.de\/#organization"},"potentialAction":[{"@type":"SearchAction","target":{"@type":"EntryPoint","urlTemplate":"https:\/\/damasalemanas.de\/?s={search_term_string}"},"query-input":{"@type":"PropertyValueSpecification","valueRequired":true,"valueName":"search_term_string"}}],"inLanguage":"es"},{"@type":"Organization","@id":"https:\/\/damasalemanas.de\/#organization","name":"Damas Alemanas Ecuador","url":"https:\/\/damasalemanas.de\/","logo":{"@type":"ImageObject","inLanguage":"es","@id":"https:\/\/damasalemanas.de\/#\/schema\/logo\/image\/","url":"https:\/\/damasalemanas.de\/wp-content\/uploads\/2020\/10\/cropped-Logo-Damas-Alemanas-1.png","contentUrl":"https:\/\/damasalemanas.de\/wp-content\/uploads\/2020\/10\/cropped-Logo-Damas-Alemanas-1.png","width":487,"height":260,"caption":"Damas Alemanas Ecuador"},"image":{"@id":"https:\/\/damasalemanas.de\/#\/schema\/logo\/image\/"}},{"@type":"Person","@id":"https:\/\/damasalemanas.de\/#\/schema\/person\/2121e65a3b20e7731d80d5f06921e536","name":"admin","image":{"@type":"ImageObject","inLanguage":"es","@id":"https:\/\/secure.gravatar.com\/avatar\/156e7b31ea9a70fc0b219ffacd7910c2f6c6075e41ada4bcc0bcb57178704e34?s=96&d=blank&r=g","url":"https:\/\/secure.gravatar.com\/avatar\/156e7b31ea9a70fc0b219ffacd7910c2f6c6075e41ada4bcc0bcb57178704e34?s=96&d=blank&r=g","contentUrl":"https:\/\/secure.gravatar.com\/avatar\/156e7b31ea9a70fc0b219ffacd7910c2f6c6075e41ada4bcc0bcb57178704e34?s=96&d=blank&r=g","caption":"admin"},"sameAs":["https:\/\/damasalemanas.de"],"url":"https:\/\/damasalemanas.de\/esp\/author\/admin\/"}]}},"_links":{"self":[{"href":"https:\/\/damasalemanas.de\/esp\/wp-json\/wp\/v2\/posts\/884","targetHints":{"allow":["GET"]}}],"collection":[{"href":"https:\/\/damasalemanas.de\/esp\/wp-json\/wp\/v2\/posts"}],"about":[{"href":"https:\/\/damasalemanas.de\/esp\/wp-json\/wp\/v2\/types\/post"}],"author":[{"embeddable":true,"href":"https:\/\/damasalemanas.de\/esp\/wp-json\/wp\/v2\/users\/1"}],"replies":[{"embeddable":true,"href":"https:\/\/damasalemanas.de\/esp\/wp-json\/wp\/v2\/comments?post=884"}],"version-history":[{"count":2,"href":"https:\/\/damasalemanas.de\/esp\/wp-json\/wp\/v2\/posts\/884\/revisions"}],"predecessor-version":[{"id":890,"href":"https:\/\/damasalemanas.de\/esp\/wp-json\/wp\/v2\/posts\/884\/revisions\/890"}],"wp:featuredmedia":[{"embeddable":true,"href":"https:\/\/damasalemanas.de\/esp\/wp-json\/wp\/v2\/media\/889"}],"wp:attachment":[{"href":"https:\/\/damasalemanas.de\/esp\/wp-json\/wp\/v2\/media?parent=884"}],"wp:term":[{"taxonomy":"category","embeddable":true,"href":"https:\/\/damasalemanas.de\/esp\/wp-json\/wp\/v2\/categories?post=884"},{"taxonomy":"post_tag","embeddable":true,"href":"https:\/\/damasalemanas.de\/esp\/wp-json\/wp\/v2\/tags?post=884"}],"curies":[{"name":"wp","href":"https:\/\/api.w.org\/{rel}","templated":true}]}}