{"id":809,"date":"2023-03-17T15:24:45","date_gmt":"2023-03-17T14:24:45","guid":{"rendered":"https:\/\/damasalemanas.de\/?p=809"},"modified":"2023-03-19T20:18:05","modified_gmt":"2023-03-19T19:18:05","slug":"hilfe-beim-wiederaufbau-einer-schule","status":"publish","type":"post","link":"https:\/\/damasalemanas.de\/esp\/hilfe-beim-wiederaufbau-einer-schule\/","title":{"rendered":"Wann kommen die Kinder zur\u00fcck in die Schule?"},"content":{"rendered":"<p>Das St\u00e4dtchen Pujil\u00ed, auf fast 3.000 Metern H\u00f6he in der Provinz Cotopaxi gelegen, ist in Ecuador vor allem f\u00fcr seine Fronleichnamsprozessionen ber\u00fchmt. Weniger bekannt ist, dass in dieser l\u00e4ndlichen Gegend nur eine \u00fcberschaubare Zahl an Familien \u00fcber Wasser und Telefon, Strom und Internet verf\u00fcgt. Armut und strukturelle Vernachl\u00e4ssigung durch den Staat sind omnipr\u00e4sent, und auch deshalb z\u00e4hlt die staatliche Zwergschule in dem D\u00f6rfchen Pilal\u00f3, das zum Kanton Pujil\u00ed geh\u00f6rt, zur Zeit nur 18 Grundsch\u00fcler.<\/p>\n\n\n\n<p>&#8222;Landflucht und Pandemie haben daf\u00fcr gesorgt, dass wir sehr viele Kinder verloren haben\u201c, sagt Rodrigo Hidalgo, der die Schule gemeinsam mit einer Lehrerkollegin betreut. Viele Kinder aus Apagua zum Beispiel, 21 km entfernt und ganz oben am Berg gelegen, sind nach der erzwungenen zweij\u00e4hrigen Schulschlie\u00dfung nicht mehr in den Unterricht zur\u00fcckgekehrt. Zwei Sammelklassen gibt es noch, die Erst- bis Viertkl\u00e4ssler sitzen in einem Raum, die F\u00fcnft- bis Siebtkl\u00e4ssler in einem anderen. <a href=\"https:\/\/www.infoescuelas.com\/ecuador\/cotopaxi\/escuela-de-educacion-basica-jose-joaquin-olmedo-en-pujili\/\" target=\"_blank\" rel=\"noreferrer noopener\">Laut den offiziellen Statistiken m\u00fcssten hier insgesamt \u00fcber 60 Kinder zur Schule gehen<\/a>.<\/p>\n\n\n\n<p>Das Schulministerium hat inzwischen eine Kommission eingesetzt, die landesweit nach \u201everloren gegangenen\u201c <a href=\"https:\/\/www.elcomercio.com\/tendencias\/sociedad\/desercion-escolar-ecuador-abandono-aulas.html\" target=\"_blank\" rel=\"noreferrer noopener\">Schulkindern sucht<\/a>, denn in Ecuador gibt es eigentlich eine gesetzliche Schulpflicht. Schon bald sollen es wieder mehr Kinder werden: mit Hilfe von ehemaligen Sch\u00fclern, handwerklich begabten Eltern und der finanziellen Unterst\u00fctzung der Damas Alemanas hat Rodrigo Hidalgo seine Schule gestrichen, die Regenrinnen erneuert und die zerbrochenen Fenster ersetzt. Jetzt strahlt das kleine Geb\u00e4ude in neuem Glanz und soll schon im n\u00e4chsten Schuljahr, das in Pilal\u00f3 Ende April beginnt, wieder 25 Sch\u00fcler empfangen. \u201eDie Renovierung wird es attraktiver machen, wieder zur Schule zu gehen\u201c, ist er \u00fcberzeugt.<\/p>\n\n\n\n<p>Wir Damas Alemanas freuen uns \u00fcber jede noch so kleine Spende. <a href=\"https:\/\/damasalemanas.de\/esp\/helfen\/\">Helfen auch Sie<\/a>!<\/p>\n\n\n\n<p>&nbsp;<em>Cumbay\u00e1, Ecuador \u2013 17.03.2023 \u2013 Benita Schauer<\/em><\/p>","protected":false},"excerpt":{"rendered":"<p>Das St\u00e4dtchen Pujil\u00ed, auf fast 3.000 Metern H\u00f6he in der Provinz Cotopaxi gelegen, ist in Ecuador vor allem f\u00fcr seine Fronleichnamsprozessionen ber\u00fchmt. Weniger bekannt ist, dass in dieser l\u00e4ndlichen Gegend nur eine \u00fcberschaubare Zahl an Familien \u00fcber Wasser und Telefon, Strom und Internet verf\u00fcgt. Armut und strukturelle Vernachl\u00e4ssigung durch den Staat sind omnipr\u00e4sent, und auch [&hellip;]<\/p>","protected":false},"author":1,"featured_media":810,"comment_status":"open","ping_status":"open","sticky":false,"template":"","format":"standard","meta":{"footnotes":""},"categories":[1,10],"tags":[],"class_list":["post-809","post","type-post","status-publish","format-standard","has-post-thumbnail","hentry","category-allgemein","category-bildung"],"yoast_head":"<!-- This site is optimized with the Yoast SEO plugin v27.5 - https:\/\/yoast.com\/product\/yoast-seo-wordpress\/ -->\n<title>Damas Alemanas helfen beim Wiederaufbau einer Schule<\/title>\n<meta name=\"description\" content=\"Wir Damas Alemans helfen beim Wiederaufbau einer Schule D\u00f6rfchen Pilal\u00f3 in Ecuador. So wird es wieder attraktiver, zur Schule zu gehen.\" \/>\n<meta name=\"robots\" content=\"index, follow, max-snippet:-1, max-image-preview:large, max-video-preview:-1\" \/>\n<link rel=\"canonical\" href=\"https:\/\/damasalemanas.de\/esp\/hilfe-beim-wiederaufbau-einer-schule\/\" \/>\n<meta property=\"og:locale\" content=\"es_ES\" \/>\n<meta property=\"og:type\" content=\"article\" \/>\n<meta property=\"og:title\" content=\"Damas Alemanas helfen beim Wiederaufbau einer Schule\" \/>\n<meta property=\"og:description\" content=\"Wir Damas Alemans helfen beim Wiederaufbau einer Schule D\u00f6rfchen Pilal\u00f3 in Ecuador. So wird es wieder attraktiver, zur Schule zu gehen.\" \/>\n<meta property=\"og:url\" content=\"https:\/\/damasalemanas.de\/esp\/hilfe-beim-wiederaufbau-einer-schule\/\" \/>\n<meta property=\"og:site_name\" content=\"Damas Alemanas Ecuador\" \/>\n<meta property=\"article:published_time\" content=\"2023-03-17T14:24:45+00:00\" \/>\n<meta property=\"article:modified_time\" content=\"2023-03-19T19:18:05+00:00\" \/>\n<meta property=\"og:image\" content=\"https:\/\/damasalemanas.de\/wp-content\/uploads\/2023\/03\/Schule-Pilalo-Titelbild.jpg\" \/>\n\t<meta property=\"og:image:width\" content=\"1920\" \/>\n\t<meta property=\"og:image:height\" content=\"1080\" \/>\n\t<meta property=\"og:image:type\" content=\"image\/jpeg\" \/>\n<meta name=\"author\" content=\"admin\" \/>\n<meta name=\"twitter:card\" content=\"summary_large_image\" \/>\n<script type=\"application\/ld+json\" class=\"yoast-schema-graph\">{\"@context\":\"https:\\\/\\\/schema.org\",\"@graph\":[{\"@type\":\"Article\",\"@id\":\"https:\\\/\\\/damasalemanas.de\\\/hilfe-beim-wiederaufbau-einer-schule\\\/#article\",\"isPartOf\":{\"@id\":\"https:\\\/\\\/damasalemanas.de\\\/hilfe-beim-wiederaufbau-einer-schule\\\/\"},\"author\":{\"name\":\"admin\",\"@id\":\"https:\\\/\\\/damasalemanas.de\\\/#\\\/schema\\\/person\\\/2121e65a3b20e7731d80d5f06921e536\"},\"headline\":\"Wann kommen die Kinder zur\u00fcck in die Schule?\",\"datePublished\":\"2023-03-17T14:24:45+00:00\",\"dateModified\":\"2023-03-19T19:18:05+00:00\",\"mainEntityOfPage\":{\"@id\":\"https:\\\/\\\/damasalemanas.de\\\/hilfe-beim-wiederaufbau-einer-schule\\\/\"},\"wordCount\":304,\"commentCount\":0,\"publisher\":{\"@id\":\"https:\\\/\\\/damasalemanas.de\\\/#organization\"},\"image\":{\"@id\":\"https:\\\/\\\/damasalemanas.de\\\/hilfe-beim-wiederaufbau-einer-schule\\\/#primaryimage\"},\"thumbnailUrl\":\"https:\\\/\\\/damasalemanas.de\\\/wp-content\\\/uploads\\\/2023\\\/03\\\/Schule-Pilalo-Titelbild.jpg\",\"articleSection\":[\"Allgemein\",\"Bildung\"],\"inLanguage\":\"es\",\"potentialAction\":[{\"@type\":\"CommentAction\",\"name\":\"Comment\",\"target\":[\"https:\\\/\\\/damasalemanas.de\\\/hilfe-beim-wiederaufbau-einer-schule\\\/#respond\"]}]},{\"@type\":\"WebPage\",\"@id\":\"https:\\\/\\\/damasalemanas.de\\\/hilfe-beim-wiederaufbau-einer-schule\\\/\",\"url\":\"https:\\\/\\\/damasalemanas.de\\\/hilfe-beim-wiederaufbau-einer-schule\\\/\",\"name\":\"Damas Alemanas helfen beim Wiederaufbau einer Schule\",\"isPartOf\":{\"@id\":\"https:\\\/\\\/damasalemanas.de\\\/#website\"},\"primaryImageOfPage\":{\"@id\":\"https:\\\/\\\/damasalemanas.de\\\/hilfe-beim-wiederaufbau-einer-schule\\\/#primaryimage\"},\"image\":{\"@id\":\"https:\\\/\\\/damasalemanas.de\\\/hilfe-beim-wiederaufbau-einer-schule\\\/#primaryimage\"},\"thumbnailUrl\":\"https:\\\/\\\/damasalemanas.de\\\/wp-content\\\/uploads\\\/2023\\\/03\\\/Schule-Pilalo-Titelbild.jpg\",\"datePublished\":\"2023-03-17T14:24:45+00:00\",\"dateModified\":\"2023-03-19T19:18:05+00:00\",\"description\":\"Wir Damas Alemans helfen beim Wiederaufbau einer Schule D\u00f6rfchen Pilal\u00f3 in Ecuador. So wird es wieder attraktiver, zur Schule zu gehen.\",\"breadcrumb\":{\"@id\":\"https:\\\/\\\/damasalemanas.de\\\/hilfe-beim-wiederaufbau-einer-schule\\\/#breadcrumb\"},\"inLanguage\":\"es\",\"potentialAction\":[{\"@type\":\"ReadAction\",\"target\":[\"https:\\\/\\\/damasalemanas.de\\\/hilfe-beim-wiederaufbau-einer-schule\\\/\"]}]},{\"@type\":\"ImageObject\",\"inLanguage\":\"es\",\"@id\":\"https:\\\/\\\/damasalemanas.de\\\/hilfe-beim-wiederaufbau-einer-schule\\\/#primaryimage\",\"url\":\"https:\\\/\\\/damasalemanas.de\\\/wp-content\\\/uploads\\\/2023\\\/03\\\/Schule-Pilalo-Titelbild.jpg\",\"contentUrl\":\"https:\\\/\\\/damasalemanas.de\\\/wp-content\\\/uploads\\\/2023\\\/03\\\/Schule-Pilalo-Titelbild.jpg\",\"width\":1920,\"height\":1080,\"caption\":\"Frisch gestrichen und mit Fenstern: Die kleine Schule von Pilal\u00f3 erstrahlt in neuem Glanz. Foto \u00a9 Rodrigo Hidalgo\"},{\"@type\":\"BreadcrumbList\",\"@id\":\"https:\\\/\\\/damasalemanas.de\\\/hilfe-beim-wiederaufbau-einer-schule\\\/#breadcrumb\",\"itemListElement\":[{\"@type\":\"ListItem\",\"position\":1,\"name\":\"Startseite\",\"item\":\"https:\\\/\\\/damasalemanas.de\\\/\"},{\"@type\":\"ListItem\",\"position\":2,\"name\":\"Wann kommen die Kinder zur\u00fcck in die Schule?\"}]},{\"@type\":\"WebSite\",\"@id\":\"https:\\\/\\\/damasalemanas.de\\\/#website\",\"url\":\"https:\\\/\\\/damasalemanas.de\\\/\",\"name\":\"Damas Alemanas Ecuador\",\"description\":\"\",\"publisher\":{\"@id\":\"https:\\\/\\\/damasalemanas.de\\\/#organization\"},\"potentialAction\":[{\"@type\":\"SearchAction\",\"target\":{\"@type\":\"EntryPoint\",\"urlTemplate\":\"https:\\\/\\\/damasalemanas.de\\\/?s={search_term_string}\"},\"query-input\":{\"@type\":\"PropertyValueSpecification\",\"valueRequired\":true,\"valueName\":\"search_term_string\"}}],\"inLanguage\":\"es\"},{\"@type\":\"Organization\",\"@id\":\"https:\\\/\\\/damasalemanas.de\\\/#organization\",\"name\":\"Damas Alemanas Ecuador\",\"url\":\"https:\\\/\\\/damasalemanas.de\\\/\",\"logo\":{\"@type\":\"ImageObject\",\"inLanguage\":\"es\",\"@id\":\"https:\\\/\\\/damasalemanas.de\\\/#\\\/schema\\\/logo\\\/image\\\/\",\"url\":\"https:\\\/\\\/damasalemanas.de\\\/wp-content\\\/uploads\\\/2020\\\/10\\\/cropped-Logo-Damas-Alemanas-1.png\",\"contentUrl\":\"https:\\\/\\\/damasalemanas.de\\\/wp-content\\\/uploads\\\/2020\\\/10\\\/cropped-Logo-Damas-Alemanas-1.png\",\"width\":487,\"height\":260,\"caption\":\"Damas Alemanas Ecuador\"},\"image\":{\"@id\":\"https:\\\/\\\/damasalemanas.de\\\/#\\\/schema\\\/logo\\\/image\\\/\"}},{\"@type\":\"Person\",\"@id\":\"https:\\\/\\\/damasalemanas.de\\\/#\\\/schema\\\/person\\\/2121e65a3b20e7731d80d5f06921e536\",\"name\":\"admin\",\"image\":{\"@type\":\"ImageObject\",\"inLanguage\":\"es\",\"@id\":\"https:\\\/\\\/secure.gravatar.com\\\/avatar\\\/156e7b31ea9a70fc0b219ffacd7910c2f6c6075e41ada4bcc0bcb57178704e34?s=96&d=blank&r=g\",\"url\":\"https:\\\/\\\/secure.gravatar.com\\\/avatar\\\/156e7b31ea9a70fc0b219ffacd7910c2f6c6075e41ada4bcc0bcb57178704e34?s=96&d=blank&r=g\",\"contentUrl\":\"https:\\\/\\\/secure.gravatar.com\\\/avatar\\\/156e7b31ea9a70fc0b219ffacd7910c2f6c6075e41ada4bcc0bcb57178704e34?s=96&d=blank&r=g\",\"caption\":\"admin\"},\"sameAs\":[\"https:\\\/\\\/damasalemanas.de\"],\"url\":\"https:\\\/\\\/damasalemanas.de\\\/esp\\\/author\\\/admin\\\/\"}]}<\/script>\n<!-- \/ Yoast SEO plugin. -->","yoast_head_json":{"title":"Damas Alemanas helfen beim Wiederaufbau einer Schule","description":"Wir Damas Alemans helfen beim Wiederaufbau einer Schule D\u00f6rfchen Pilal\u00f3 in Ecuador. So wird es wieder attraktiver, zur Schule zu gehen.","robots":{"index":"index","follow":"follow","max-snippet":"max-snippet:-1","max-image-preview":"max-image-preview:large","max-video-preview":"max-video-preview:-1"},"canonical":"https:\/\/damasalemanas.de\/esp\/hilfe-beim-wiederaufbau-einer-schule\/","og_locale":"es_ES","og_type":"article","og_title":"Damas Alemanas helfen beim Wiederaufbau einer Schule","og_description":"Wir Damas Alemans helfen beim Wiederaufbau einer Schule D\u00f6rfchen Pilal\u00f3 in Ecuador. So wird es wieder attraktiver, zur Schule zu gehen.","og_url":"https:\/\/damasalemanas.de\/esp\/hilfe-beim-wiederaufbau-einer-schule\/","og_site_name":"Damas Alemanas Ecuador","article_published_time":"2023-03-17T14:24:45+00:00","article_modified_time":"2023-03-19T19:18:05+00:00","og_image":[{"width":1920,"height":1080,"url":"https:\/\/damasalemanas.de\/wp-content\/uploads\/2023\/03\/Schule-Pilalo-Titelbild.jpg","type":"image\/jpeg"}],"author":"admin","twitter_card":"summary_large_image","schema":{"@context":"https:\/\/schema.org","@graph":[{"@type":"Article","@id":"https:\/\/damasalemanas.de\/hilfe-beim-wiederaufbau-einer-schule\/#article","isPartOf":{"@id":"https:\/\/damasalemanas.de\/hilfe-beim-wiederaufbau-einer-schule\/"},"author":{"name":"admin","@id":"https:\/\/damasalemanas.de\/#\/schema\/person\/2121e65a3b20e7731d80d5f06921e536"},"headline":"Wann kommen die Kinder zur\u00fcck in die Schule?","datePublished":"2023-03-17T14:24:45+00:00","dateModified":"2023-03-19T19:18:05+00:00","mainEntityOfPage":{"@id":"https:\/\/damasalemanas.de\/hilfe-beim-wiederaufbau-einer-schule\/"},"wordCount":304,"commentCount":0,"publisher":{"@id":"https:\/\/damasalemanas.de\/#organization"},"image":{"@id":"https:\/\/damasalemanas.de\/hilfe-beim-wiederaufbau-einer-schule\/#primaryimage"},"thumbnailUrl":"https:\/\/damasalemanas.de\/wp-content\/uploads\/2023\/03\/Schule-Pilalo-Titelbild.jpg","articleSection":["Allgemein","Bildung"],"inLanguage":"es","potentialAction":[{"@type":"CommentAction","name":"Comment","target":["https:\/\/damasalemanas.de\/hilfe-beim-wiederaufbau-einer-schule\/#respond"]}]},{"@type":"WebPage","@id":"https:\/\/damasalemanas.de\/hilfe-beim-wiederaufbau-einer-schule\/","url":"https:\/\/damasalemanas.de\/hilfe-beim-wiederaufbau-einer-schule\/","name":"Damas Alemanas helfen beim Wiederaufbau einer Schule","isPartOf":{"@id":"https:\/\/damasalemanas.de\/#website"},"primaryImageOfPage":{"@id":"https:\/\/damasalemanas.de\/hilfe-beim-wiederaufbau-einer-schule\/#primaryimage"},"image":{"@id":"https:\/\/damasalemanas.de\/hilfe-beim-wiederaufbau-einer-schule\/#primaryimage"},"thumbnailUrl":"https:\/\/damasalemanas.de\/wp-content\/uploads\/2023\/03\/Schule-Pilalo-Titelbild.jpg","datePublished":"2023-03-17T14:24:45+00:00","dateModified":"2023-03-19T19:18:05+00:00","description":"Wir Damas Alemans helfen beim Wiederaufbau einer Schule D\u00f6rfchen Pilal\u00f3 in Ecuador. So wird es wieder attraktiver, zur Schule zu gehen.","breadcrumb":{"@id":"https:\/\/damasalemanas.de\/hilfe-beim-wiederaufbau-einer-schule\/#breadcrumb"},"inLanguage":"es","potentialAction":[{"@type":"ReadAction","target":["https:\/\/damasalemanas.de\/hilfe-beim-wiederaufbau-einer-schule\/"]}]},{"@type":"ImageObject","inLanguage":"es","@id":"https:\/\/damasalemanas.de\/hilfe-beim-wiederaufbau-einer-schule\/#primaryimage","url":"https:\/\/damasalemanas.de\/wp-content\/uploads\/2023\/03\/Schule-Pilalo-Titelbild.jpg","contentUrl":"https:\/\/damasalemanas.de\/wp-content\/uploads\/2023\/03\/Schule-Pilalo-Titelbild.jpg","width":1920,"height":1080,"caption":"Frisch gestrichen und mit Fenstern: Die kleine Schule von Pilal\u00f3 erstrahlt in neuem Glanz. Foto \u00a9 Rodrigo Hidalgo"},{"@type":"BreadcrumbList","@id":"https:\/\/damasalemanas.de\/hilfe-beim-wiederaufbau-einer-schule\/#breadcrumb","itemListElement":[{"@type":"ListItem","position":1,"name":"Startseite","item":"https:\/\/damasalemanas.de\/"},{"@type":"ListItem","position":2,"name":"Wann kommen die Kinder zur\u00fcck in die Schule?"}]},{"@type":"WebSite","@id":"https:\/\/damasalemanas.de\/#website","url":"https:\/\/damasalemanas.de\/","name":"Damas Alemanas Ecuador","description":"","publisher":{"@id":"https:\/\/damasalemanas.de\/#organization"},"potentialAction":[{"@type":"SearchAction","target":{"@type":"EntryPoint","urlTemplate":"https:\/\/damasalemanas.de\/?s={search_term_string}"},"query-input":{"@type":"PropertyValueSpecification","valueRequired":true,"valueName":"search_term_string"}}],"inLanguage":"es"},{"@type":"Organization","@id":"https:\/\/damasalemanas.de\/#organization","name":"Damas Alemanas Ecuador","url":"https:\/\/damasalemanas.de\/","logo":{"@type":"ImageObject","inLanguage":"es","@id":"https:\/\/damasalemanas.de\/#\/schema\/logo\/image\/","url":"https:\/\/damasalemanas.de\/wp-content\/uploads\/2020\/10\/cropped-Logo-Damas-Alemanas-1.png","contentUrl":"https:\/\/damasalemanas.de\/wp-content\/uploads\/2020\/10\/cropped-Logo-Damas-Alemanas-1.png","width":487,"height":260,"caption":"Damas Alemanas Ecuador"},"image":{"@id":"https:\/\/damasalemanas.de\/#\/schema\/logo\/image\/"}},{"@type":"Person","@id":"https:\/\/damasalemanas.de\/#\/schema\/person\/2121e65a3b20e7731d80d5f06921e536","name":"admin","image":{"@type":"ImageObject","inLanguage":"es","@id":"https:\/\/secure.gravatar.com\/avatar\/156e7b31ea9a70fc0b219ffacd7910c2f6c6075e41ada4bcc0bcb57178704e34?s=96&d=blank&r=g","url":"https:\/\/secure.gravatar.com\/avatar\/156e7b31ea9a70fc0b219ffacd7910c2f6c6075e41ada4bcc0bcb57178704e34?s=96&d=blank&r=g","contentUrl":"https:\/\/secure.gravatar.com\/avatar\/156e7b31ea9a70fc0b219ffacd7910c2f6c6075e41ada4bcc0bcb57178704e34?s=96&d=blank&r=g","caption":"admin"},"sameAs":["https:\/\/damasalemanas.de"],"url":"https:\/\/damasalemanas.de\/esp\/author\/admin\/"}]}},"_links":{"self":[{"href":"https:\/\/damasalemanas.de\/esp\/wp-json\/wp\/v2\/posts\/809","targetHints":{"allow":["GET"]}}],"collection":[{"href":"https:\/\/damasalemanas.de\/esp\/wp-json\/wp\/v2\/posts"}],"about":[{"href":"https:\/\/damasalemanas.de\/esp\/wp-json\/wp\/v2\/types\/post"}],"author":[{"embeddable":true,"href":"https:\/\/damasalemanas.de\/esp\/wp-json\/wp\/v2\/users\/1"}],"replies":[{"embeddable":true,"href":"https:\/\/damasalemanas.de\/esp\/wp-json\/wp\/v2\/comments?post=809"}],"version-history":[{"count":4,"href":"https:\/\/damasalemanas.de\/esp\/wp-json\/wp\/v2\/posts\/809\/revisions"}],"predecessor-version":[{"id":816,"href":"https:\/\/damasalemanas.de\/esp\/wp-json\/wp\/v2\/posts\/809\/revisions\/816"}],"wp:featuredmedia":[{"embeddable":true,"href":"https:\/\/damasalemanas.de\/esp\/wp-json\/wp\/v2\/media\/810"}],"wp:attachment":[{"href":"https:\/\/damasalemanas.de\/esp\/wp-json\/wp\/v2\/media?parent=809"}],"wp:term":[{"taxonomy":"category","embeddable":true,"href":"https:\/\/damasalemanas.de\/esp\/wp-json\/wp\/v2\/categories?post=809"},{"taxonomy":"post_tag","embeddable":true,"href":"https:\/\/damasalemanas.de\/esp\/wp-json\/wp\/v2\/tags?post=809"}],"curies":[{"name":"wp","href":"https:\/\/api.w.org\/{rel}","templated":true}]}}