{"id":769,"date":"2022-11-23T20:19:41","date_gmt":"2022-11-23T19:19:41","guid":{"rendered":"https:\/\/damasalemanas.de\/?p=769"},"modified":"2022-11-23T20:19:43","modified_gmt":"2022-11-23T19:19:43","slug":"noch-drei-tage-bis-zum-weihnachtsbasar","status":"publish","type":"post","link":"https:\/\/damasalemanas.de\/esp\/noch-drei-tage-bis-zum-weihnachtsbasar\/","title":{"rendered":"Noch drei Tage bis zum Weihnachtsbasar"},"content":{"rendered":"<p>Auf dem Gel\u00e4nde der deutschen katholischen Gemeinde Sankt Michael geht es am heutigen Mittwoch hoch her: Acht Damas Alemanas haben sich zum traditionellen Adventskranzbinden getroffen. Viele von ihnen sind schon seit Jahren immer dabei, aber es gibt auch neue Mitglieder, die angelernt werden. Rund hundert geschm\u00fcckte und ungeschm\u00fcckte Kr\u00e4nze m\u00fcssen bis morgen Abend fertig werden. Auf dem gro\u00dfen Au\u00dfengel\u00e4nde der Gemeinde werden unterdessen die Zelte aufgebaut. Ein Aussteller, der Gesichtscremes aus Naturprodukten herstellt, besichtigt den Veranstaltungsort. F\u00fcr den Second-Hand-Buchstand werden zahlreiche Kisten mit Romanen, Krimis und Jugendb\u00fcchern angeliefert. Die Polizei informiert die kranzbindende Frauengruppe \u00fcber ihr Sicherheitskonzept\u2026damit am Samstag um 10.00 Uhr alles bereit ist f\u00fcr die hoffentlich zahlreichen Besucher!\u00a0<\/p>","protected":false},"excerpt":{"rendered":"<p>Auf dem Gel\u00e4nde der deutschen katholischen Gemeinde Sankt Michael geht es am heutigen Mittwoch hoch her: Acht Damas Alemanas haben sich zum traditionellen Adventskranzbinden getroffen. Viele von ihnen sind schon seit Jahren immer dabei, aber es gibt auch neue Mitglieder, die angelernt werden. Rund hundert geschm\u00fcckte und ungeschm\u00fcckte Kr\u00e4nze m\u00fcssen bis morgen Abend fertig werden. [&hellip;]<\/p>","protected":false},"author":1,"featured_media":770,"comment_status":"open","ping_status":"open","sticky":false,"template":"","format":"standard","meta":{"footnotes":""},"categories":[1],"tags":[],"class_list":["post-769","post","type-post","status-publish","format-standard","has-post-thumbnail","hentry","category-allgemein"],"yoast_head":"<!-- This site is optimized with the Yoast SEO plugin v27.5 - https:\/\/yoast.com\/product\/yoast-seo-wordpress\/ -->\n<title>Noch drei Tage bis zum Weihnachtsbasar der Damas Alemanas<\/title>\n<meta name=\"description\" content=\"Derzeit binden die Damas Alemanas flei\u00dfig Weihnachtskr\u00e4nze. Die sind der Renner auf dem j\u00e4hrlichen Weihnachtsbasar.\" \/>\n<meta name=\"robots\" content=\"index, follow, max-snippet:-1, max-image-preview:large, max-video-preview:-1\" \/>\n<link rel=\"canonical\" href=\"https:\/\/damasalemanas.de\/esp\/noch-drei-tage-bis-zum-weihnachtsbasar\/\" \/>\n<meta property=\"og:locale\" content=\"es_ES\" \/>\n<meta property=\"og:type\" content=\"article\" \/>\n<meta property=\"og:title\" content=\"Noch drei Tage bis zum Weihnachtsbasar der Damas Alemanas\" \/>\n<meta property=\"og:description\" content=\"Derzeit binden die Damas Alemanas flei\u00dfig Weihnachtskr\u00e4nze. Die sind der Renner auf dem j\u00e4hrlichen Weihnachtsbasar.\" \/>\n<meta property=\"og:url\" content=\"https:\/\/damasalemanas.de\/esp\/noch-drei-tage-bis-zum-weihnachtsbasar\/\" \/>\n<meta property=\"og:site_name\" content=\"Damas Alemanas Ecuador\" \/>\n<meta property=\"article:published_time\" content=\"2022-11-23T19:19:41+00:00\" \/>\n<meta property=\"article:modified_time\" content=\"2022-11-23T19:19:43+00:00\" \/>\n<meta property=\"og:image\" content=\"https:\/\/damasalemanas.de\/wp-content\/uploads\/2022\/11\/Vorbereitung-fuer-den-Weihnachtsbasar-2022-Titelbild.jpg\" \/>\n\t<meta property=\"og:image:width\" content=\"1920\" \/>\n\t<meta property=\"og:image:height\" content=\"1080\" \/>\n\t<meta property=\"og:image:type\" content=\"image\/jpeg\" \/>\n<meta name=\"author\" content=\"admin\" \/>\n<meta name=\"twitter:card\" content=\"summary_large_image\" \/>\n<script type=\"application\/ld+json\" class=\"yoast-schema-graph\">{\"@context\":\"https:\\\/\\\/schema.org\",\"@graph\":[{\"@type\":\"Article\",\"@id\":\"https:\\\/\\\/damasalemanas.de\\\/noch-drei-tage-bis-zum-weihnachtsbasar\\\/#article\",\"isPartOf\":{\"@id\":\"https:\\\/\\\/damasalemanas.de\\\/noch-drei-tage-bis-zum-weihnachtsbasar\\\/\"},\"author\":{\"name\":\"admin\",\"@id\":\"https:\\\/\\\/damasalemanas.de\\\/#\\\/schema\\\/person\\\/2121e65a3b20e7731d80d5f06921e536\"},\"headline\":\"Noch drei Tage bis zum Weihnachtsbasar\",\"datePublished\":\"2022-11-23T19:19:41+00:00\",\"dateModified\":\"2022-11-23T19:19:43+00:00\",\"mainEntityOfPage\":{\"@id\":\"https:\\\/\\\/damasalemanas.de\\\/noch-drei-tage-bis-zum-weihnachtsbasar\\\/\"},\"wordCount\":127,\"commentCount\":0,\"publisher\":{\"@id\":\"https:\\\/\\\/damasalemanas.de\\\/#organization\"},\"image\":{\"@id\":\"https:\\\/\\\/damasalemanas.de\\\/noch-drei-tage-bis-zum-weihnachtsbasar\\\/#primaryimage\"},\"thumbnailUrl\":\"https:\\\/\\\/damasalemanas.de\\\/wp-content\\\/uploads\\\/2022\\\/11\\\/Vorbereitung-fuer-den-Weihnachtsbasar-2022-Titelbild.jpg\",\"articleSection\":[\"Allgemein\"],\"inLanguage\":\"es\",\"potentialAction\":[{\"@type\":\"CommentAction\",\"name\":\"Comment\",\"target\":[\"https:\\\/\\\/damasalemanas.de\\\/noch-drei-tage-bis-zum-weihnachtsbasar\\\/#respond\"]}]},{\"@type\":\"WebPage\",\"@id\":\"https:\\\/\\\/damasalemanas.de\\\/noch-drei-tage-bis-zum-weihnachtsbasar\\\/\",\"url\":\"https:\\\/\\\/damasalemanas.de\\\/noch-drei-tage-bis-zum-weihnachtsbasar\\\/\",\"name\":\"Noch drei Tage bis zum Weihnachtsbasar der Damas Alemanas\",\"isPartOf\":{\"@id\":\"https:\\\/\\\/damasalemanas.de\\\/#website\"},\"primaryImageOfPage\":{\"@id\":\"https:\\\/\\\/damasalemanas.de\\\/noch-drei-tage-bis-zum-weihnachtsbasar\\\/#primaryimage\"},\"image\":{\"@id\":\"https:\\\/\\\/damasalemanas.de\\\/noch-drei-tage-bis-zum-weihnachtsbasar\\\/#primaryimage\"},\"thumbnailUrl\":\"https:\\\/\\\/damasalemanas.de\\\/wp-content\\\/uploads\\\/2022\\\/11\\\/Vorbereitung-fuer-den-Weihnachtsbasar-2022-Titelbild.jpg\",\"datePublished\":\"2022-11-23T19:19:41+00:00\",\"dateModified\":\"2022-11-23T19:19:43+00:00\",\"description\":\"Derzeit binden die Damas Alemanas flei\u00dfig Weihnachtskr\u00e4nze. Die sind der Renner auf dem j\u00e4hrlichen Weihnachtsbasar.\",\"breadcrumb\":{\"@id\":\"https:\\\/\\\/damasalemanas.de\\\/noch-drei-tage-bis-zum-weihnachtsbasar\\\/#breadcrumb\"},\"inLanguage\":\"es\",\"potentialAction\":[{\"@type\":\"ReadAction\",\"target\":[\"https:\\\/\\\/damasalemanas.de\\\/noch-drei-tage-bis-zum-weihnachtsbasar\\\/\"]}]},{\"@type\":\"ImageObject\",\"inLanguage\":\"es\",\"@id\":\"https:\\\/\\\/damasalemanas.de\\\/noch-drei-tage-bis-zum-weihnachtsbasar\\\/#primaryimage\",\"url\":\"https:\\\/\\\/damasalemanas.de\\\/wp-content\\\/uploads\\\/2022\\\/11\\\/Vorbereitung-fuer-den-Weihnachtsbasar-2022-Titelbild.jpg\",\"contentUrl\":\"https:\\\/\\\/damasalemanas.de\\\/wp-content\\\/uploads\\\/2022\\\/11\\\/Vorbereitung-fuer-den-Weihnachtsbasar-2022-Titelbild.jpg\",\"width\":1920,\"height\":1080,\"caption\":\"Volle Konzentration: Die Adventskr\u00e4nze geh\u00f6ren zu den Rennern beim Weihnachtsmarkt, der immer am Samstag vor dem 1. Advent stattfindet. \u00a9 Benita Schauer\"},{\"@type\":\"BreadcrumbList\",\"@id\":\"https:\\\/\\\/damasalemanas.de\\\/noch-drei-tage-bis-zum-weihnachtsbasar\\\/#breadcrumb\",\"itemListElement\":[{\"@type\":\"ListItem\",\"position\":1,\"name\":\"Startseite\",\"item\":\"https:\\\/\\\/damasalemanas.de\\\/\"},{\"@type\":\"ListItem\",\"position\":2,\"name\":\"Noch drei Tage bis zum Weihnachtsbasar\"}]},{\"@type\":\"WebSite\",\"@id\":\"https:\\\/\\\/damasalemanas.de\\\/#website\",\"url\":\"https:\\\/\\\/damasalemanas.de\\\/\",\"name\":\"Damas Alemanas Ecuador\",\"description\":\"\",\"publisher\":{\"@id\":\"https:\\\/\\\/damasalemanas.de\\\/#organization\"},\"potentialAction\":[{\"@type\":\"SearchAction\",\"target\":{\"@type\":\"EntryPoint\",\"urlTemplate\":\"https:\\\/\\\/damasalemanas.de\\\/?s={search_term_string}\"},\"query-input\":{\"@type\":\"PropertyValueSpecification\",\"valueRequired\":true,\"valueName\":\"search_term_string\"}}],\"inLanguage\":\"es\"},{\"@type\":\"Organization\",\"@id\":\"https:\\\/\\\/damasalemanas.de\\\/#organization\",\"name\":\"Damas Alemanas Ecuador\",\"url\":\"https:\\\/\\\/damasalemanas.de\\\/\",\"logo\":{\"@type\":\"ImageObject\",\"inLanguage\":\"es\",\"@id\":\"https:\\\/\\\/damasalemanas.de\\\/#\\\/schema\\\/logo\\\/image\\\/\",\"url\":\"https:\\\/\\\/damasalemanas.de\\\/wp-content\\\/uploads\\\/2020\\\/10\\\/cropped-Logo-Damas-Alemanas-1.png\",\"contentUrl\":\"https:\\\/\\\/damasalemanas.de\\\/wp-content\\\/uploads\\\/2020\\\/10\\\/cropped-Logo-Damas-Alemanas-1.png\",\"width\":487,\"height\":260,\"caption\":\"Damas Alemanas Ecuador\"},\"image\":{\"@id\":\"https:\\\/\\\/damasalemanas.de\\\/#\\\/schema\\\/logo\\\/image\\\/\"}},{\"@type\":\"Person\",\"@id\":\"https:\\\/\\\/damasalemanas.de\\\/#\\\/schema\\\/person\\\/2121e65a3b20e7731d80d5f06921e536\",\"name\":\"admin\",\"image\":{\"@type\":\"ImageObject\",\"inLanguage\":\"es\",\"@id\":\"https:\\\/\\\/secure.gravatar.com\\\/avatar\\\/156e7b31ea9a70fc0b219ffacd7910c2f6c6075e41ada4bcc0bcb57178704e34?s=96&d=blank&r=g\",\"url\":\"https:\\\/\\\/secure.gravatar.com\\\/avatar\\\/156e7b31ea9a70fc0b219ffacd7910c2f6c6075e41ada4bcc0bcb57178704e34?s=96&d=blank&r=g\",\"contentUrl\":\"https:\\\/\\\/secure.gravatar.com\\\/avatar\\\/156e7b31ea9a70fc0b219ffacd7910c2f6c6075e41ada4bcc0bcb57178704e34?s=96&d=blank&r=g\",\"caption\":\"admin\"},\"sameAs\":[\"https:\\\/\\\/damasalemanas.de\"],\"url\":\"https:\\\/\\\/damasalemanas.de\\\/esp\\\/author\\\/admin\\\/\"}]}<\/script>\n<!-- \/ Yoast SEO plugin. -->","yoast_head_json":{"title":"Noch drei Tage bis zum Weihnachtsbasar der Damas Alemanas","description":"Derzeit binden die Damas Alemanas flei\u00dfig Weihnachtskr\u00e4nze. Die sind der Renner auf dem j\u00e4hrlichen Weihnachtsbasar.","robots":{"index":"index","follow":"follow","max-snippet":"max-snippet:-1","max-image-preview":"max-image-preview:large","max-video-preview":"max-video-preview:-1"},"canonical":"https:\/\/damasalemanas.de\/esp\/noch-drei-tage-bis-zum-weihnachtsbasar\/","og_locale":"es_ES","og_type":"article","og_title":"Noch drei Tage bis zum Weihnachtsbasar der Damas Alemanas","og_description":"Derzeit binden die Damas Alemanas flei\u00dfig Weihnachtskr\u00e4nze. Die sind der Renner auf dem j\u00e4hrlichen Weihnachtsbasar.","og_url":"https:\/\/damasalemanas.de\/esp\/noch-drei-tage-bis-zum-weihnachtsbasar\/","og_site_name":"Damas Alemanas Ecuador","article_published_time":"2022-11-23T19:19:41+00:00","article_modified_time":"2022-11-23T19:19:43+00:00","og_image":[{"width":1920,"height":1080,"url":"https:\/\/damasalemanas.de\/wp-content\/uploads\/2022\/11\/Vorbereitung-fuer-den-Weihnachtsbasar-2022-Titelbild.jpg","type":"image\/jpeg"}],"author":"admin","twitter_card":"summary_large_image","schema":{"@context":"https:\/\/schema.org","@graph":[{"@type":"Article","@id":"https:\/\/damasalemanas.de\/noch-drei-tage-bis-zum-weihnachtsbasar\/#article","isPartOf":{"@id":"https:\/\/damasalemanas.de\/noch-drei-tage-bis-zum-weihnachtsbasar\/"},"author":{"name":"admin","@id":"https:\/\/damasalemanas.de\/#\/schema\/person\/2121e65a3b20e7731d80d5f06921e536"},"headline":"Noch drei Tage bis zum Weihnachtsbasar","datePublished":"2022-11-23T19:19:41+00:00","dateModified":"2022-11-23T19:19:43+00:00","mainEntityOfPage":{"@id":"https:\/\/damasalemanas.de\/noch-drei-tage-bis-zum-weihnachtsbasar\/"},"wordCount":127,"commentCount":0,"publisher":{"@id":"https:\/\/damasalemanas.de\/#organization"},"image":{"@id":"https:\/\/damasalemanas.de\/noch-drei-tage-bis-zum-weihnachtsbasar\/#primaryimage"},"thumbnailUrl":"https:\/\/damasalemanas.de\/wp-content\/uploads\/2022\/11\/Vorbereitung-fuer-den-Weihnachtsbasar-2022-Titelbild.jpg","articleSection":["Allgemein"],"inLanguage":"es","potentialAction":[{"@type":"CommentAction","name":"Comment","target":["https:\/\/damasalemanas.de\/noch-drei-tage-bis-zum-weihnachtsbasar\/#respond"]}]},{"@type":"WebPage","@id":"https:\/\/damasalemanas.de\/noch-drei-tage-bis-zum-weihnachtsbasar\/","url":"https:\/\/damasalemanas.de\/noch-drei-tage-bis-zum-weihnachtsbasar\/","name":"Noch drei Tage bis zum Weihnachtsbasar der Damas Alemanas","isPartOf":{"@id":"https:\/\/damasalemanas.de\/#website"},"primaryImageOfPage":{"@id":"https:\/\/damasalemanas.de\/noch-drei-tage-bis-zum-weihnachtsbasar\/#primaryimage"},"image":{"@id":"https:\/\/damasalemanas.de\/noch-drei-tage-bis-zum-weihnachtsbasar\/#primaryimage"},"thumbnailUrl":"https:\/\/damasalemanas.de\/wp-content\/uploads\/2022\/11\/Vorbereitung-fuer-den-Weihnachtsbasar-2022-Titelbild.jpg","datePublished":"2022-11-23T19:19:41+00:00","dateModified":"2022-11-23T19:19:43+00:00","description":"Derzeit binden die Damas Alemanas flei\u00dfig Weihnachtskr\u00e4nze. Die sind der Renner auf dem j\u00e4hrlichen Weihnachtsbasar.","breadcrumb":{"@id":"https:\/\/damasalemanas.de\/noch-drei-tage-bis-zum-weihnachtsbasar\/#breadcrumb"},"inLanguage":"es","potentialAction":[{"@type":"ReadAction","target":["https:\/\/damasalemanas.de\/noch-drei-tage-bis-zum-weihnachtsbasar\/"]}]},{"@type":"ImageObject","inLanguage":"es","@id":"https:\/\/damasalemanas.de\/noch-drei-tage-bis-zum-weihnachtsbasar\/#primaryimage","url":"https:\/\/damasalemanas.de\/wp-content\/uploads\/2022\/11\/Vorbereitung-fuer-den-Weihnachtsbasar-2022-Titelbild.jpg","contentUrl":"https:\/\/damasalemanas.de\/wp-content\/uploads\/2022\/11\/Vorbereitung-fuer-den-Weihnachtsbasar-2022-Titelbild.jpg","width":1920,"height":1080,"caption":"Volle Konzentration: Die Adventskr\u00e4nze geh\u00f6ren zu den Rennern beim Weihnachtsmarkt, der immer am Samstag vor dem 1. Advent stattfindet. \u00a9 Benita Schauer"},{"@type":"BreadcrumbList","@id":"https:\/\/damasalemanas.de\/noch-drei-tage-bis-zum-weihnachtsbasar\/#breadcrumb","itemListElement":[{"@type":"ListItem","position":1,"name":"Startseite","item":"https:\/\/damasalemanas.de\/"},{"@type":"ListItem","position":2,"name":"Noch drei Tage bis zum Weihnachtsbasar"}]},{"@type":"WebSite","@id":"https:\/\/damasalemanas.de\/#website","url":"https:\/\/damasalemanas.de\/","name":"Damas Alemanas Ecuador","description":"","publisher":{"@id":"https:\/\/damasalemanas.de\/#organization"},"potentialAction":[{"@type":"SearchAction","target":{"@type":"EntryPoint","urlTemplate":"https:\/\/damasalemanas.de\/?s={search_term_string}"},"query-input":{"@type":"PropertyValueSpecification","valueRequired":true,"valueName":"search_term_string"}}],"inLanguage":"es"},{"@type":"Organization","@id":"https:\/\/damasalemanas.de\/#organization","name":"Damas Alemanas Ecuador","url":"https:\/\/damasalemanas.de\/","logo":{"@type":"ImageObject","inLanguage":"es","@id":"https:\/\/damasalemanas.de\/#\/schema\/logo\/image\/","url":"https:\/\/damasalemanas.de\/wp-content\/uploads\/2020\/10\/cropped-Logo-Damas-Alemanas-1.png","contentUrl":"https:\/\/damasalemanas.de\/wp-content\/uploads\/2020\/10\/cropped-Logo-Damas-Alemanas-1.png","width":487,"height":260,"caption":"Damas Alemanas Ecuador"},"image":{"@id":"https:\/\/damasalemanas.de\/#\/schema\/logo\/image\/"}},{"@type":"Person","@id":"https:\/\/damasalemanas.de\/#\/schema\/person\/2121e65a3b20e7731d80d5f06921e536","name":"admin","image":{"@type":"ImageObject","inLanguage":"es","@id":"https:\/\/secure.gravatar.com\/avatar\/156e7b31ea9a70fc0b219ffacd7910c2f6c6075e41ada4bcc0bcb57178704e34?s=96&d=blank&r=g","url":"https:\/\/secure.gravatar.com\/avatar\/156e7b31ea9a70fc0b219ffacd7910c2f6c6075e41ada4bcc0bcb57178704e34?s=96&d=blank&r=g","contentUrl":"https:\/\/secure.gravatar.com\/avatar\/156e7b31ea9a70fc0b219ffacd7910c2f6c6075e41ada4bcc0bcb57178704e34?s=96&d=blank&r=g","caption":"admin"},"sameAs":["https:\/\/damasalemanas.de"],"url":"https:\/\/damasalemanas.de\/esp\/author\/admin\/"}]}},"_links":{"self":[{"href":"https:\/\/damasalemanas.de\/esp\/wp-json\/wp\/v2\/posts\/769","targetHints":{"allow":["GET"]}}],"collection":[{"href":"https:\/\/damasalemanas.de\/esp\/wp-json\/wp\/v2\/posts"}],"about":[{"href":"https:\/\/damasalemanas.de\/esp\/wp-json\/wp\/v2\/types\/post"}],"author":[{"embeddable":true,"href":"https:\/\/damasalemanas.de\/esp\/wp-json\/wp\/v2\/users\/1"}],"replies":[{"embeddable":true,"href":"https:\/\/damasalemanas.de\/esp\/wp-json\/wp\/v2\/comments?post=769"}],"version-history":[{"count":1,"href":"https:\/\/damasalemanas.de\/esp\/wp-json\/wp\/v2\/posts\/769\/revisions"}],"predecessor-version":[{"id":771,"href":"https:\/\/damasalemanas.de\/esp\/wp-json\/wp\/v2\/posts\/769\/revisions\/771"}],"wp:featuredmedia":[{"embeddable":true,"href":"https:\/\/damasalemanas.de\/esp\/wp-json\/wp\/v2\/media\/770"}],"wp:attachment":[{"href":"https:\/\/damasalemanas.de\/esp\/wp-json\/wp\/v2\/media?parent=769"}],"wp:term":[{"taxonomy":"category","embeddable":true,"href":"https:\/\/damasalemanas.de\/esp\/wp-json\/wp\/v2\/categories?post=769"},{"taxonomy":"post_tag","embeddable":true,"href":"https:\/\/damasalemanas.de\/esp\/wp-json\/wp\/v2\/tags?post=769"}],"curies":[{"name":"wp","href":"https:\/\/api.w.org\/{rel}","templated":true}]}}