{"id":751,"date":"2022-10-05T19:10:09","date_gmt":"2022-10-05T17:10:09","guid":{"rendered":"https:\/\/damasalemanas.de\/?p=751"},"modified":"2022-10-05T19:10:37","modified_gmt":"2022-10-05T17:10:37","slug":"schulkleidung-schule-ecuador","status":"publish","type":"post","link":"https:\/\/damasalemanas.de\/esp\/schulkleidung-schule-ecuador\/","title":{"rendered":"Bin ich nicht schick?"},"content":{"rendered":"<p>Alexander, Maeli und Carlos platzen vor Stolz. Endlich haben sie neue Schuluniformen bekommen, nicht nur die graue Sportkleidung, sondern den dunkelblauen Pullover mit dem Schulwappen, das wei\u00dfe Polohemd, den grauen Schulrock und die Schulhose. Seit September 2022 herrscht an Ecuadors Schulen wieder die Uniformpflicht, die wegen der Corona-Pandemie zweieinhalb Jahre lang ausgesetzt war. Das bedeutet f\u00fcr die Familien Ausgaben von rund 200 Dollar pro Kind, eine Summe, die Eltern an staatlichen Schulen oft nicht aufbringen k\u00f6nnen. In Ecuador sind 60% aller Arbeitnehmer informell, also ohne Vertrag, besch\u00e4ftigt. Viele von ihnen verdienen deutlich weniger als den monatlichen Mindestlohn von 425 Dollar.<\/p>\n\n\n\n<figure class=\"wp-block-image size-large\"><img loading=\"lazy\" decoding=\"async\" width=\"1024\" height=\"576\" src=\"https:\/\/damasalemanas.de\/wp-content\/uploads\/2022\/10\/Alexander-und-Carlos-freuen-sich-ueber-ihre-Schulkleidung-1024x576.jpg\" alt=\"Alexander und Carlos freuen sich \u00fcber ihre Schulkleidung. Foto \u00a9 Benita Schauer\" class=\"wp-image-752\" srcset=\"https:\/\/damasalemanas.de\/wp-content\/uploads\/2022\/10\/Alexander-und-Carlos-freuen-sich-ueber-ihre-Schulkleidung-1024x576.jpg 1024w, https:\/\/damasalemanas.de\/wp-content\/uploads\/2022\/10\/Alexander-und-Carlos-freuen-sich-ueber-ihre-Schulkleidung-300x169.jpg 300w, https:\/\/damasalemanas.de\/wp-content\/uploads\/2022\/10\/Alexander-und-Carlos-freuen-sich-ueber-ihre-Schulkleidung-768x432.jpg 768w, https:\/\/damasalemanas.de\/wp-content\/uploads\/2022\/10\/Alexander-und-Carlos-freuen-sich-ueber-ihre-Schulkleidung-1536x864.jpg 1536w, https:\/\/damasalemanas.de\/wp-content\/uploads\/2022\/10\/Alexander-und-Carlos-freuen-sich-ueber-ihre-Schulkleidung-18x10.jpg 18w, https:\/\/damasalemanas.de\/wp-content\/uploads\/2022\/10\/Alexander-und-Carlos-freuen-sich-ueber-ihre-Schulkleidung-1200x675.jpg 1200w, https:\/\/damasalemanas.de\/wp-content\/uploads\/2022\/10\/Alexander-und-Carlos-freuen-sich-ueber-ihre-Schulkleidung.jpg 1920w\" sizes=\"auto, (max-width: 1024px) 100vw, 1024px\" \/><figcaption>Alexander und Carlos freuen sich \u00fcber ihre Schulkleidung. Foto \u00a9 Benita Schauer<\/figcaption><\/figure>\n\n\n\n<p>An der Schule <a href=\"https:\/\/es-la.facebook.com\/UE3deDiciembre\/\" target=\"_blank\" rel=\"noreferrer noopener\">\u201eTres de Diciembre\u201c in Checa<\/a> helfen die Damas Alemanas seit Beginn diesen Jahres sieben Sch\u00fclern aus <a href=\"\/esp\/leerer-bauch-studiert-nicht-gern\/\" target=\"_blank\" rel=\"noreferrer noopener\">sehr armen Familien mit je einer monatlichen Lebensmittelkiste<\/a>. Oft geben wir die Nahrungsmittel auch pers\u00f6nlich bei den Familien ab und sehen dabei, dass dort wirklich kein Essen mehr im blechernen Kochtopf auf dem Gasherd ist.<\/p>\n\n\n\n<figure class=\"wp-block-image size-large\"><img loading=\"lazy\" decoding=\"async\" width=\"1024\" height=\"576\" src=\"https:\/\/damasalemanas.de\/wp-content\/uploads\/2022\/10\/Uebergabe-von-Lebensmittelkisten-1024x576.jpg\" alt=\"Jeden Monat bringen wir Lebensmittelkisten zu Sch\u00fclern der Schule \u201eTres de Diciembre\u201c in Checa.\" class=\"wp-image-753\" srcset=\"https:\/\/damasalemanas.de\/wp-content\/uploads\/2022\/10\/Uebergabe-von-Lebensmittelkisten-1024x576.jpg 1024w, https:\/\/damasalemanas.de\/wp-content\/uploads\/2022\/10\/Uebergabe-von-Lebensmittelkisten-300x169.jpg 300w, https:\/\/damasalemanas.de\/wp-content\/uploads\/2022\/10\/Uebergabe-von-Lebensmittelkisten-768x432.jpg 768w, https:\/\/damasalemanas.de\/wp-content\/uploads\/2022\/10\/Uebergabe-von-Lebensmittelkisten-1536x864.jpg 1536w, https:\/\/damasalemanas.de\/wp-content\/uploads\/2022\/10\/Uebergabe-von-Lebensmittelkisten-18x10.jpg 18w, https:\/\/damasalemanas.de\/wp-content\/uploads\/2022\/10\/Uebergabe-von-Lebensmittelkisten-1200x675.jpg 1200w, https:\/\/damasalemanas.de\/wp-content\/uploads\/2022\/10\/Uebergabe-von-Lebensmittelkisten.jpg 1920w\" sizes=\"auto, (max-width: 1024px) 100vw, 1024px\" \/><figcaption>Jeden Monat bringen wir Lebensmittelkisten zu Sch\u00fclern der Schule \u201eTres de Diciembre\u201c in Checa.<\/figcaption><\/figure>\n\n\n\n<p>Die jetzt von uns gestifteten Schuluniformen sollen die Kinder zus\u00e4tzlich motivieren, regelm\u00e4ssig zur Schule zu gehen und sich im Unterricht im Rahmen ihrer M\u00f6glichkeiten zu beteiligen. Regelm\u00e4\u00dfig sprechen wir mit den Klassenlehrern und mit der Schulpsychologin, um die von uns gef\u00f6rderten Sch\u00fcler so eng wie m\u00f6glich zu begleiten. Wir sind \u00fcberzeugt davon, dass dieser enge Kontakt zu Schule und Elternh\u00e4usern unsere Hilfe erst sinnvoll macht. Die zufriedenen Gesichter der Kinder und ihrer Eltern scheinen uns recht zu geben.<\/p>\n\n\n\n<p>Wir freuen uns \u00fcber jede Spende. <a href=\"https:\/\/damasalemanas.de\/esp\/helfen\/\">Besuchen Sie unsere Spendenseite<\/a> und unterst\u00fctzen Sie uns bei unserer Arbeit hier in Ecuador.<\/p>\n\n\n\n<p><em>Cumbay\u00e1, Ecuador \u2013 05.10.2022 \u2013 Benita Schauer<\/em><\/p>","protected":false},"excerpt":{"rendered":"<p>Alexander, Maeli und Carlos platzen vor Stolz. Endlich haben sie neue Schuluniformen bekommen, nicht nur die graue Sportkleidung, sondern den dunkelblauen Pullover mit dem Schulwappen, das wei\u00dfe Polohemd, den grauen Schulrock und die Schulhose. Seit September 2022 herrscht an Ecuadors Schulen wieder die Uniformpflicht, die wegen der Corona-Pandemie zweieinhalb Jahre lang ausgesetzt war. Das bedeutet [&hellip;]<\/p>","protected":false},"author":1,"featured_media":754,"comment_status":"open","ping_status":"open","sticky":false,"template":"","format":"standard","meta":{"footnotes":""},"categories":[1,10,13],"tags":[],"class_list":["post-751","post","type-post","status-publish","format-standard","has-post-thumbnail","hentry","category-allgemein","category-bildung","category-nahrungsmittelhilfe"],"yoast_head":"<!-- This site is optimized with the Yoast SEO plugin v27.5 - https:\/\/yoast.com\/product\/yoast-seo-wordpress\/ -->\n<title>Schulkleidung spenden f\u00fcr Sch\u00fcler einer Schule in Checa, Ecuador<\/title>\n<meta name=\"description\" content=\"Die Damas Alemanas brachten den Sch\u00fclern der Schule Tres de Diciembre in Checa Schulkleidung zu Beginn des neuen Schuljahres.\" \/>\n<meta name=\"robots\" content=\"index, follow, max-snippet:-1, max-image-preview:large, max-video-preview:-1\" \/>\n<link rel=\"canonical\" href=\"https:\/\/damasalemanas.de\/esp\/schulkleidung-schule-ecuador\/\" \/>\n<meta property=\"og:locale\" content=\"es_ES\" \/>\n<meta property=\"og:type\" content=\"article\" \/>\n<meta property=\"og:title\" content=\"Schulkleidung spenden f\u00fcr Sch\u00fcler einer Schule in Checa, Ecuador\" \/>\n<meta property=\"og:description\" content=\"Die Damas Alemanas brachten den Sch\u00fclern der Schule Tres de Diciembre in Checa Schulkleidung zu Beginn des neuen Schuljahres.\" \/>\n<meta property=\"og:url\" content=\"https:\/\/damasalemanas.de\/esp\/schulkleidung-schule-ecuador\/\" \/>\n<meta property=\"og:site_name\" content=\"Damas Alemanas Ecuador\" \/>\n<meta property=\"article:published_time\" content=\"2022-10-05T17:10:09+00:00\" \/>\n<meta property=\"article:modified_time\" content=\"2022-10-05T17:10:37+00:00\" \/>\n<meta property=\"og:image\" content=\"https:\/\/damasalemanas.de\/wp-content\/uploads\/2022\/10\/Bin-ich-nicht-schick-Titelbild.jpg\" \/>\n\t<meta property=\"og:image:width\" content=\"1920\" \/>\n\t<meta property=\"og:image:height\" content=\"1080\" \/>\n\t<meta property=\"og:image:type\" content=\"image\/jpeg\" \/>\n<meta name=\"author\" content=\"admin\" \/>\n<meta name=\"twitter:card\" content=\"summary_large_image\" \/>\n<script type=\"application\/ld+json\" class=\"yoast-schema-graph\">{\"@context\":\"https:\\\/\\\/schema.org\",\"@graph\":[{\"@type\":\"Article\",\"@id\":\"https:\\\/\\\/damasalemanas.de\\\/schulkleidung-schule-ecuador\\\/#article\",\"isPartOf\":{\"@id\":\"https:\\\/\\\/damasalemanas.de\\\/schulkleidung-schule-ecuador\\\/\"},\"author\":{\"name\":\"admin\",\"@id\":\"https:\\\/\\\/damasalemanas.de\\\/#\\\/schema\\\/person\\\/2121e65a3b20e7731d80d5f06921e536\"},\"headline\":\"Bin ich nicht schick?\",\"datePublished\":\"2022-10-05T17:10:09+00:00\",\"dateModified\":\"2022-10-05T17:10:37+00:00\",\"mainEntityOfPage\":{\"@id\":\"https:\\\/\\\/damasalemanas.de\\\/schulkleidung-schule-ecuador\\\/\"},\"wordCount\":297,\"commentCount\":0,\"publisher\":{\"@id\":\"https:\\\/\\\/damasalemanas.de\\\/#organization\"},\"image\":{\"@id\":\"https:\\\/\\\/damasalemanas.de\\\/schulkleidung-schule-ecuador\\\/#primaryimage\"},\"thumbnailUrl\":\"https:\\\/\\\/damasalemanas.de\\\/wp-content\\\/uploads\\\/2022\\\/10\\\/Bin-ich-nicht-schick-Titelbild.jpg\",\"articleSection\":[\"Allgemein\",\"Bildung\",\"Nahrungsmittelhilfe\"],\"inLanguage\":\"es\",\"potentialAction\":[{\"@type\":\"CommentAction\",\"name\":\"Comment\",\"target\":[\"https:\\\/\\\/damasalemanas.de\\\/schulkleidung-schule-ecuador\\\/#respond\"]}]},{\"@type\":\"WebPage\",\"@id\":\"https:\\\/\\\/damasalemanas.de\\\/schulkleidung-schule-ecuador\\\/\",\"url\":\"https:\\\/\\\/damasalemanas.de\\\/schulkleidung-schule-ecuador\\\/\",\"name\":\"Schulkleidung spenden f\u00fcr Sch\u00fcler einer Schule in Checa, Ecuador\",\"isPartOf\":{\"@id\":\"https:\\\/\\\/damasalemanas.de\\\/#website\"},\"primaryImageOfPage\":{\"@id\":\"https:\\\/\\\/damasalemanas.de\\\/schulkleidung-schule-ecuador\\\/#primaryimage\"},\"image\":{\"@id\":\"https:\\\/\\\/damasalemanas.de\\\/schulkleidung-schule-ecuador\\\/#primaryimage\"},\"thumbnailUrl\":\"https:\\\/\\\/damasalemanas.de\\\/wp-content\\\/uploads\\\/2022\\\/10\\\/Bin-ich-nicht-schick-Titelbild.jpg\",\"datePublished\":\"2022-10-05T17:10:09+00:00\",\"dateModified\":\"2022-10-05T17:10:37+00:00\",\"description\":\"Die Damas Alemanas brachten den Sch\u00fclern der Schule Tres de Diciembre in Checa Schulkleidung zu Beginn des neuen Schuljahres.\",\"breadcrumb\":{\"@id\":\"https:\\\/\\\/damasalemanas.de\\\/schulkleidung-schule-ecuador\\\/#breadcrumb\"},\"inLanguage\":\"es\",\"potentialAction\":[{\"@type\":\"ReadAction\",\"target\":[\"https:\\\/\\\/damasalemanas.de\\\/schulkleidung-schule-ecuador\\\/\"]}]},{\"@type\":\"ImageObject\",\"inLanguage\":\"es\",\"@id\":\"https:\\\/\\\/damasalemanas.de\\\/schulkleidung-schule-ecuador\\\/#primaryimage\",\"url\":\"https:\\\/\\\/damasalemanas.de\\\/wp-content\\\/uploads\\\/2022\\\/10\\\/Bin-ich-nicht-schick-Titelbild.jpg\",\"contentUrl\":\"https:\\\/\\\/damasalemanas.de\\\/wp-content\\\/uploads\\\/2022\\\/10\\\/Bin-ich-nicht-schick-Titelbild.jpg\",\"width\":1920,\"height\":1080,\"caption\":\"Zum Schuljahresbeginn brachten wir Damas Schulkleidung an die Schule \u201eTres de Diciembre\u201c in Checa.\"},{\"@type\":\"BreadcrumbList\",\"@id\":\"https:\\\/\\\/damasalemanas.de\\\/schulkleidung-schule-ecuador\\\/#breadcrumb\",\"itemListElement\":[{\"@type\":\"ListItem\",\"position\":1,\"name\":\"Startseite\",\"item\":\"https:\\\/\\\/damasalemanas.de\\\/\"},{\"@type\":\"ListItem\",\"position\":2,\"name\":\"Bin ich nicht schick?\"}]},{\"@type\":\"WebSite\",\"@id\":\"https:\\\/\\\/damasalemanas.de\\\/#website\",\"url\":\"https:\\\/\\\/damasalemanas.de\\\/\",\"name\":\"Damas Alemanas Ecuador\",\"description\":\"\",\"publisher\":{\"@id\":\"https:\\\/\\\/damasalemanas.de\\\/#organization\"},\"potentialAction\":[{\"@type\":\"SearchAction\",\"target\":{\"@type\":\"EntryPoint\",\"urlTemplate\":\"https:\\\/\\\/damasalemanas.de\\\/?s={search_term_string}\"},\"query-input\":{\"@type\":\"PropertyValueSpecification\",\"valueRequired\":true,\"valueName\":\"search_term_string\"}}],\"inLanguage\":\"es\"},{\"@type\":\"Organization\",\"@id\":\"https:\\\/\\\/damasalemanas.de\\\/#organization\",\"name\":\"Damas Alemanas Ecuador\",\"url\":\"https:\\\/\\\/damasalemanas.de\\\/\",\"logo\":{\"@type\":\"ImageObject\",\"inLanguage\":\"es\",\"@id\":\"https:\\\/\\\/damasalemanas.de\\\/#\\\/schema\\\/logo\\\/image\\\/\",\"url\":\"https:\\\/\\\/damasalemanas.de\\\/wp-content\\\/uploads\\\/2020\\\/10\\\/cropped-Logo-Damas-Alemanas-1.png\",\"contentUrl\":\"https:\\\/\\\/damasalemanas.de\\\/wp-content\\\/uploads\\\/2020\\\/10\\\/cropped-Logo-Damas-Alemanas-1.png\",\"width\":487,\"height\":260,\"caption\":\"Damas Alemanas Ecuador\"},\"image\":{\"@id\":\"https:\\\/\\\/damasalemanas.de\\\/#\\\/schema\\\/logo\\\/image\\\/\"}},{\"@type\":\"Person\",\"@id\":\"https:\\\/\\\/damasalemanas.de\\\/#\\\/schema\\\/person\\\/2121e65a3b20e7731d80d5f06921e536\",\"name\":\"admin\",\"image\":{\"@type\":\"ImageObject\",\"inLanguage\":\"es\",\"@id\":\"https:\\\/\\\/secure.gravatar.com\\\/avatar\\\/156e7b31ea9a70fc0b219ffacd7910c2f6c6075e41ada4bcc0bcb57178704e34?s=96&d=blank&r=g\",\"url\":\"https:\\\/\\\/secure.gravatar.com\\\/avatar\\\/156e7b31ea9a70fc0b219ffacd7910c2f6c6075e41ada4bcc0bcb57178704e34?s=96&d=blank&r=g\",\"contentUrl\":\"https:\\\/\\\/secure.gravatar.com\\\/avatar\\\/156e7b31ea9a70fc0b219ffacd7910c2f6c6075e41ada4bcc0bcb57178704e34?s=96&d=blank&r=g\",\"caption\":\"admin\"},\"sameAs\":[\"https:\\\/\\\/damasalemanas.de\"],\"url\":\"https:\\\/\\\/damasalemanas.de\\\/esp\\\/author\\\/admin\\\/\"}]}<\/script>\n<!-- \/ Yoast SEO plugin. -->","yoast_head_json":{"title":"Schulkleidung spenden f\u00fcr Sch\u00fcler einer Schule in Checa, Ecuador","description":"Die Damas Alemanas brachten den Sch\u00fclern der Schule Tres de Diciembre in Checa Schulkleidung zu Beginn des neuen Schuljahres.","robots":{"index":"index","follow":"follow","max-snippet":"max-snippet:-1","max-image-preview":"max-image-preview:large","max-video-preview":"max-video-preview:-1"},"canonical":"https:\/\/damasalemanas.de\/esp\/schulkleidung-schule-ecuador\/","og_locale":"es_ES","og_type":"article","og_title":"Schulkleidung spenden f\u00fcr Sch\u00fcler einer Schule in Checa, Ecuador","og_description":"Die Damas Alemanas brachten den Sch\u00fclern der Schule Tres de Diciembre in Checa Schulkleidung zu Beginn des neuen Schuljahres.","og_url":"https:\/\/damasalemanas.de\/esp\/schulkleidung-schule-ecuador\/","og_site_name":"Damas Alemanas Ecuador","article_published_time":"2022-10-05T17:10:09+00:00","article_modified_time":"2022-10-05T17:10:37+00:00","og_image":[{"width":1920,"height":1080,"url":"https:\/\/damasalemanas.de\/wp-content\/uploads\/2022\/10\/Bin-ich-nicht-schick-Titelbild.jpg","type":"image\/jpeg"}],"author":"admin","twitter_card":"summary_large_image","schema":{"@context":"https:\/\/schema.org","@graph":[{"@type":"Article","@id":"https:\/\/damasalemanas.de\/schulkleidung-schule-ecuador\/#article","isPartOf":{"@id":"https:\/\/damasalemanas.de\/schulkleidung-schule-ecuador\/"},"author":{"name":"admin","@id":"https:\/\/damasalemanas.de\/#\/schema\/person\/2121e65a3b20e7731d80d5f06921e536"},"headline":"Bin ich nicht schick?","datePublished":"2022-10-05T17:10:09+00:00","dateModified":"2022-10-05T17:10:37+00:00","mainEntityOfPage":{"@id":"https:\/\/damasalemanas.de\/schulkleidung-schule-ecuador\/"},"wordCount":297,"commentCount":0,"publisher":{"@id":"https:\/\/damasalemanas.de\/#organization"},"image":{"@id":"https:\/\/damasalemanas.de\/schulkleidung-schule-ecuador\/#primaryimage"},"thumbnailUrl":"https:\/\/damasalemanas.de\/wp-content\/uploads\/2022\/10\/Bin-ich-nicht-schick-Titelbild.jpg","articleSection":["Allgemein","Bildung","Nahrungsmittelhilfe"],"inLanguage":"es","potentialAction":[{"@type":"CommentAction","name":"Comment","target":["https:\/\/damasalemanas.de\/schulkleidung-schule-ecuador\/#respond"]}]},{"@type":"WebPage","@id":"https:\/\/damasalemanas.de\/schulkleidung-schule-ecuador\/","url":"https:\/\/damasalemanas.de\/schulkleidung-schule-ecuador\/","name":"Schulkleidung spenden f\u00fcr Sch\u00fcler einer Schule in Checa, Ecuador","isPartOf":{"@id":"https:\/\/damasalemanas.de\/#website"},"primaryImageOfPage":{"@id":"https:\/\/damasalemanas.de\/schulkleidung-schule-ecuador\/#primaryimage"},"image":{"@id":"https:\/\/damasalemanas.de\/schulkleidung-schule-ecuador\/#primaryimage"},"thumbnailUrl":"https:\/\/damasalemanas.de\/wp-content\/uploads\/2022\/10\/Bin-ich-nicht-schick-Titelbild.jpg","datePublished":"2022-10-05T17:10:09+00:00","dateModified":"2022-10-05T17:10:37+00:00","description":"Die Damas Alemanas brachten den Sch\u00fclern der Schule Tres de Diciembre in Checa Schulkleidung zu Beginn des neuen Schuljahres.","breadcrumb":{"@id":"https:\/\/damasalemanas.de\/schulkleidung-schule-ecuador\/#breadcrumb"},"inLanguage":"es","potentialAction":[{"@type":"ReadAction","target":["https:\/\/damasalemanas.de\/schulkleidung-schule-ecuador\/"]}]},{"@type":"ImageObject","inLanguage":"es","@id":"https:\/\/damasalemanas.de\/schulkleidung-schule-ecuador\/#primaryimage","url":"https:\/\/damasalemanas.de\/wp-content\/uploads\/2022\/10\/Bin-ich-nicht-schick-Titelbild.jpg","contentUrl":"https:\/\/damasalemanas.de\/wp-content\/uploads\/2022\/10\/Bin-ich-nicht-schick-Titelbild.jpg","width":1920,"height":1080,"caption":"Zum Schuljahresbeginn brachten wir Damas Schulkleidung an die Schule \u201eTres de Diciembre\u201c in Checa."},{"@type":"BreadcrumbList","@id":"https:\/\/damasalemanas.de\/schulkleidung-schule-ecuador\/#breadcrumb","itemListElement":[{"@type":"ListItem","position":1,"name":"Startseite","item":"https:\/\/damasalemanas.de\/"},{"@type":"ListItem","position":2,"name":"Bin ich nicht schick?"}]},{"@type":"WebSite","@id":"https:\/\/damasalemanas.de\/#website","url":"https:\/\/damasalemanas.de\/","name":"Damas Alemanas Ecuador","description":"","publisher":{"@id":"https:\/\/damasalemanas.de\/#organization"},"potentialAction":[{"@type":"SearchAction","target":{"@type":"EntryPoint","urlTemplate":"https:\/\/damasalemanas.de\/?s={search_term_string}"},"query-input":{"@type":"PropertyValueSpecification","valueRequired":true,"valueName":"search_term_string"}}],"inLanguage":"es"},{"@type":"Organization","@id":"https:\/\/damasalemanas.de\/#organization","name":"Damas Alemanas Ecuador","url":"https:\/\/damasalemanas.de\/","logo":{"@type":"ImageObject","inLanguage":"es","@id":"https:\/\/damasalemanas.de\/#\/schema\/logo\/image\/","url":"https:\/\/damasalemanas.de\/wp-content\/uploads\/2020\/10\/cropped-Logo-Damas-Alemanas-1.png","contentUrl":"https:\/\/damasalemanas.de\/wp-content\/uploads\/2020\/10\/cropped-Logo-Damas-Alemanas-1.png","width":487,"height":260,"caption":"Damas Alemanas Ecuador"},"image":{"@id":"https:\/\/damasalemanas.de\/#\/schema\/logo\/image\/"}},{"@type":"Person","@id":"https:\/\/damasalemanas.de\/#\/schema\/person\/2121e65a3b20e7731d80d5f06921e536","name":"admin","image":{"@type":"ImageObject","inLanguage":"es","@id":"https:\/\/secure.gravatar.com\/avatar\/156e7b31ea9a70fc0b219ffacd7910c2f6c6075e41ada4bcc0bcb57178704e34?s=96&d=blank&r=g","url":"https:\/\/secure.gravatar.com\/avatar\/156e7b31ea9a70fc0b219ffacd7910c2f6c6075e41ada4bcc0bcb57178704e34?s=96&d=blank&r=g","contentUrl":"https:\/\/secure.gravatar.com\/avatar\/156e7b31ea9a70fc0b219ffacd7910c2f6c6075e41ada4bcc0bcb57178704e34?s=96&d=blank&r=g","caption":"admin"},"sameAs":["https:\/\/damasalemanas.de"],"url":"https:\/\/damasalemanas.de\/esp\/author\/admin\/"}]}},"_links":{"self":[{"href":"https:\/\/damasalemanas.de\/esp\/wp-json\/wp\/v2\/posts\/751","targetHints":{"allow":["GET"]}}],"collection":[{"href":"https:\/\/damasalemanas.de\/esp\/wp-json\/wp\/v2\/posts"}],"about":[{"href":"https:\/\/damasalemanas.de\/esp\/wp-json\/wp\/v2\/types\/post"}],"author":[{"embeddable":true,"href":"https:\/\/damasalemanas.de\/esp\/wp-json\/wp\/v2\/users\/1"}],"replies":[{"embeddable":true,"href":"https:\/\/damasalemanas.de\/esp\/wp-json\/wp\/v2\/comments?post=751"}],"version-history":[{"count":1,"href":"https:\/\/damasalemanas.de\/esp\/wp-json\/wp\/v2\/posts\/751\/revisions"}],"predecessor-version":[{"id":755,"href":"https:\/\/damasalemanas.de\/esp\/wp-json\/wp\/v2\/posts\/751\/revisions\/755"}],"wp:featuredmedia":[{"embeddable":true,"href":"https:\/\/damasalemanas.de\/esp\/wp-json\/wp\/v2\/media\/754"}],"wp:attachment":[{"href":"https:\/\/damasalemanas.de\/esp\/wp-json\/wp\/v2\/media?parent=751"}],"wp:term":[{"taxonomy":"category","embeddable":true,"href":"https:\/\/damasalemanas.de\/esp\/wp-json\/wp\/v2\/categories?post=751"},{"taxonomy":"post_tag","embeddable":true,"href":"https:\/\/damasalemanas.de\/esp\/wp-json\/wp\/v2\/tags?post=751"}],"curies":[{"name":"wp","href":"https:\/\/api.w.org\/{rel}","templated":true}]}}