{"id":739,"date":"2022-05-27T02:51:31","date_gmt":"2022-05-27T00:51:31","guid":{"rendered":"https:\/\/damasalemanas.de\/?p=739"},"modified":"2022-05-27T02:59:52","modified_gmt":"2022-05-27T00:59:52","slug":"worauf-schreiben-im-neuen-schuljahr","status":"publish","type":"post","link":"https:\/\/damasalemanas.de\/esp\/worauf-schreiben-im-neuen-schuljahr\/","title":{"rendered":"Worauf schreiben im neuen Schuljahr?"},"content":{"rendered":"<p>Anfang Mai hat in den K\u00fcstenst\u00e4dten Ecuadors mit dem neuen Schuljahr endlich wieder der Pr\u00e4senzunterricht begonnen. Nach \u00fcber zwei Jahren konnten viele Kinder endlich wieder ihre Klassenzimmer betreten, ihre Klassenkameraden begr\u00fc\u00dfen und mit ihren Lehrern sprechen. Aber mit dem Schulbesuch fallen nun auch wieder Kosten an, auf die viele Familien nicht vorbereitet sind. Die drei Jungen auf dem Bild oben leben zusammen mit zwei weiteren Geschwistern bei ihrem Vater, der zurzeit keine Arbeit hat. Die Mutter verlie\u00df die Familie vor drei Jahren. Hefte, Stifte und Radiergummis sind f\u00fcr die Familie, die in Portoviejo lebt, unerschwinglich. Die Stiftung \u201eCASAlianza\u201c, mit der die Damas Alemanas <a href=\"\/esp\/unser-partner-in-portoviejo-casalianza\/\" target=\"_blank\" rel=\"noreferrer noopener\">seit zwei Jahren zusammenarbeiten<\/a>, besorgte in unserem Auftrag f\u00fcr die Familie und mehrere andere Familien das notwendige Schulmaterial. Mit 25 US-$ ist ein Kind f\u00fcr das Schuljahr mit dem Notwendigsten ausgestattet; die Uniformpflicht ist gl\u00fccklicherweise m Moment noch ausgesetzt.<\/p>\n\n\n\n<figure class=\"wp-block-image size-large\"><img loading=\"lazy\" decoding=\"async\" width=\"1024\" height=\"576\" src=\"https:\/\/damasalemanas.de\/wp-content\/uploads\/2022\/05\/Worauf-schreiben-im-neuen-Schuljahr-Maaedchen-1024x576.jpg\" alt=\"Die drei Schwestern auf dem Bild sammeln gemeinsam mit ihren Eltern leere Flaschen und Pappkartons, die sie dann verkaufen, damit die Familie zu essen hat - f\u00fcr Hefte, Stifte und Radiergummi reicht es nicht. Ihre Wellblechunterkunft steht in Portoviejo. Auch ihnen halfen wir Damas Alemanas \u00fcber die Stiftung CASAlianza. Foto \u00a9 Cristhian Almeida\" class=\"wp-image-740\" srcset=\"https:\/\/damasalemanas.de\/wp-content\/uploads\/2022\/05\/Worauf-schreiben-im-neuen-Schuljahr-Maaedchen-1024x576.jpg 1024w, https:\/\/damasalemanas.de\/wp-content\/uploads\/2022\/05\/Worauf-schreiben-im-neuen-Schuljahr-Maaedchen-300x169.jpg 300w, https:\/\/damasalemanas.de\/wp-content\/uploads\/2022\/05\/Worauf-schreiben-im-neuen-Schuljahr-Maaedchen-768x432.jpg 768w, https:\/\/damasalemanas.de\/wp-content\/uploads\/2022\/05\/Worauf-schreiben-im-neuen-Schuljahr-Maaedchen-1536x864.jpg 1536w, https:\/\/damasalemanas.de\/wp-content\/uploads\/2022\/05\/Worauf-schreiben-im-neuen-Schuljahr-Maaedchen-18x10.jpg 18w, https:\/\/damasalemanas.de\/wp-content\/uploads\/2022\/05\/Worauf-schreiben-im-neuen-Schuljahr-Maaedchen-1200x675.jpg 1200w, https:\/\/damasalemanas.de\/wp-content\/uploads\/2022\/05\/Worauf-schreiben-im-neuen-Schuljahr-Maaedchen.jpg 1920w\" sizes=\"auto, (max-width: 1024px) 100vw, 1024px\" \/><figcaption>Die drei Schwestern auf dem Bild sammeln gemeinsam mit ihren Eltern leere Flaschen und Pappkartons, die sie dann verkaufen, damit die Familie zu essen hat. Ihre Wellblechunterkunft steht in Portoviejo. Auch ihnen halfen wir Damas Alemanas \u00fcber die Stiftung CASAlianza. Foto \u00a9 Cristhian Almeida<\/figcaption><\/figure>\n\n\n\n<p>Wir freuen uns \u00fcber jede Spende. <a href=\"https:\/\/damasalemanas.de\/esp\/helfen\/\">Besuchen Sie unsere Spendenseite<\/a> und unterst\u00fctzen Sie uns bei unserer Arbeit hier in Ecuador.<\/p>\n\n\n\n<p><em>Cumbay\u00e1, Ecuador \u2013 27.05.2022 \u2013 Benita Schauer<\/em><\/p>","protected":false},"excerpt":{"rendered":"<p>Anfang Mai hat in den K\u00fcstenst\u00e4dten Ecuadors mit dem neuen Schuljahr endlich wieder der Pr\u00e4senzunterricht begonnen. Nach \u00fcber zwei Jahren konnten viele Kinder endlich wieder ihre Klassenzimmer betreten, ihre Klassenkameraden begr\u00fc\u00dfen und mit ihren Lehrern sprechen. Aber mit dem Schulbesuch fallen nun auch wieder Kosten an, auf die viele Familien nicht vorbereitet sind. Die drei [&hellip;]<\/p>","protected":false},"author":1,"featured_media":741,"comment_status":"open","ping_status":"open","sticky":false,"template":"","format":"standard","meta":{"footnotes":""},"categories":[1,10],"tags":[],"class_list":["post-739","post","type-post","status-publish","format-standard","has-post-thumbnail","hentry","category-allgemein","category-bildung"],"yoast_head":"<!-- This site is optimized with the Yoast SEO plugin v27.5 - https:\/\/yoast.com\/product\/yoast-seo-wordpress\/ -->\n<title>Damas Alemanas organisieren Schulmaterial f\u00fcr Familien in Portoviejo<\/title>\n<meta name=\"description\" content=\"Die Damas Alemanas organisieren zusammen mit der CASAlianza Schulmaterial f\u00fcr viele Familien in Portoviejo, Ecuador.\" \/>\n<meta name=\"robots\" content=\"index, follow, max-snippet:-1, max-image-preview:large, max-video-preview:-1\" \/>\n<link rel=\"canonical\" href=\"https:\/\/damasalemanas.de\/esp\/worauf-schreiben-im-neuen-schuljahr\/\" \/>\n<meta property=\"og:locale\" content=\"es_ES\" \/>\n<meta property=\"og:type\" content=\"article\" \/>\n<meta property=\"og:title\" content=\"Damas Alemanas organisieren Schulmaterial f\u00fcr Familien in Portoviejo\" \/>\n<meta property=\"og:description\" content=\"Die Damas Alemanas organisieren zusammen mit der CASAlianza Schulmaterial f\u00fcr viele Familien in Portoviejo, Ecuador.\" \/>\n<meta property=\"og:url\" content=\"https:\/\/damasalemanas.de\/esp\/worauf-schreiben-im-neuen-schuljahr\/\" \/>\n<meta property=\"og:site_name\" content=\"Damas Alemanas Ecuador\" \/>\n<meta property=\"article:published_time\" content=\"2022-05-27T00:51:31+00:00\" \/>\n<meta property=\"article:modified_time\" content=\"2022-05-27T00:59:52+00:00\" \/>\n<meta property=\"og:image\" content=\"https:\/\/damasalemanas.de\/wp-content\/uploads\/2022\/05\/Worauf-schreiben-im-neuen-Schuljahr-Titelbild.jpg\" \/>\n\t<meta property=\"og:image:width\" content=\"1920\" \/>\n\t<meta property=\"og:image:height\" content=\"1080\" \/>\n\t<meta property=\"og:image:type\" content=\"image\/jpeg\" \/>\n<meta name=\"author\" content=\"admin\" \/>\n<meta name=\"twitter:card\" content=\"summary_large_image\" \/>\n<script type=\"application\/ld+json\" class=\"yoast-schema-graph\">{\"@context\":\"https:\\\/\\\/schema.org\",\"@graph\":[{\"@type\":\"Article\",\"@id\":\"https:\\\/\\\/damasalemanas.de\\\/worauf-schreiben-im-neuen-schuljahr\\\/#article\",\"isPartOf\":{\"@id\":\"https:\\\/\\\/damasalemanas.de\\\/worauf-schreiben-im-neuen-schuljahr\\\/\"},\"author\":{\"name\":\"admin\",\"@id\":\"https:\\\/\\\/damasalemanas.de\\\/#\\\/schema\\\/person\\\/2121e65a3b20e7731d80d5f06921e536\"},\"headline\":\"Worauf schreiben im neuen Schuljahr?\",\"datePublished\":\"2022-05-27T00:51:31+00:00\",\"dateModified\":\"2022-05-27T00:59:52+00:00\",\"mainEntityOfPage\":{\"@id\":\"https:\\\/\\\/damasalemanas.de\\\/worauf-schreiben-im-neuen-schuljahr\\\/\"},\"wordCount\":222,\"commentCount\":0,\"publisher\":{\"@id\":\"https:\\\/\\\/damasalemanas.de\\\/#organization\"},\"image\":{\"@id\":\"https:\\\/\\\/damasalemanas.de\\\/worauf-schreiben-im-neuen-schuljahr\\\/#primaryimage\"},\"thumbnailUrl\":\"https:\\\/\\\/damasalemanas.de\\\/wp-content\\\/uploads\\\/2022\\\/05\\\/Worauf-schreiben-im-neuen-Schuljahr-Titelbild.jpg\",\"articleSection\":[\"Allgemein\",\"Bildung\"],\"inLanguage\":\"es\",\"potentialAction\":[{\"@type\":\"CommentAction\",\"name\":\"Comment\",\"target\":[\"https:\\\/\\\/damasalemanas.de\\\/worauf-schreiben-im-neuen-schuljahr\\\/#respond\"]}]},{\"@type\":\"WebPage\",\"@id\":\"https:\\\/\\\/damasalemanas.de\\\/worauf-schreiben-im-neuen-schuljahr\\\/\",\"url\":\"https:\\\/\\\/damasalemanas.de\\\/worauf-schreiben-im-neuen-schuljahr\\\/\",\"name\":\"Damas Alemanas organisieren Schulmaterial f\u00fcr Familien in Portoviejo\",\"isPartOf\":{\"@id\":\"https:\\\/\\\/damasalemanas.de\\\/#website\"},\"primaryImageOfPage\":{\"@id\":\"https:\\\/\\\/damasalemanas.de\\\/worauf-schreiben-im-neuen-schuljahr\\\/#primaryimage\"},\"image\":{\"@id\":\"https:\\\/\\\/damasalemanas.de\\\/worauf-schreiben-im-neuen-schuljahr\\\/#primaryimage\"},\"thumbnailUrl\":\"https:\\\/\\\/damasalemanas.de\\\/wp-content\\\/uploads\\\/2022\\\/05\\\/Worauf-schreiben-im-neuen-Schuljahr-Titelbild.jpg\",\"datePublished\":\"2022-05-27T00:51:31+00:00\",\"dateModified\":\"2022-05-27T00:59:52+00:00\",\"description\":\"Die Damas Alemanas organisieren zusammen mit der CASAlianza Schulmaterial f\u00fcr viele Familien in Portoviejo, Ecuador.\",\"breadcrumb\":{\"@id\":\"https:\\\/\\\/damasalemanas.de\\\/worauf-schreiben-im-neuen-schuljahr\\\/#breadcrumb\"},\"inLanguage\":\"es\",\"potentialAction\":[{\"@type\":\"ReadAction\",\"target\":[\"https:\\\/\\\/damasalemanas.de\\\/worauf-schreiben-im-neuen-schuljahr\\\/\"]}]},{\"@type\":\"ImageObject\",\"inLanguage\":\"es\",\"@id\":\"https:\\\/\\\/damasalemanas.de\\\/worauf-schreiben-im-neuen-schuljahr\\\/#primaryimage\",\"url\":\"https:\\\/\\\/damasalemanas.de\\\/wp-content\\\/uploads\\\/2022\\\/05\\\/Worauf-schreiben-im-neuen-Schuljahr-Titelbild.jpg\",\"contentUrl\":\"https:\\\/\\\/damasalemanas.de\\\/wp-content\\\/uploads\\\/2022\\\/05\\\/Worauf-schreiben-im-neuen-Schuljahr-Titelbild.jpg\",\"width\":1920,\"height\":1080,\"caption\":\"Die drei Jungen leben mit zwei Geschwistern bei ihrem Vater. Die Stiftung \u201eCASAlianza\u201c besorgte das notwendige Schulmaterial f\u00fcr die Familie. Foto \u00a9 Cristhian Almeida\"},{\"@type\":\"BreadcrumbList\",\"@id\":\"https:\\\/\\\/damasalemanas.de\\\/worauf-schreiben-im-neuen-schuljahr\\\/#breadcrumb\",\"itemListElement\":[{\"@type\":\"ListItem\",\"position\":1,\"name\":\"Startseite\",\"item\":\"https:\\\/\\\/damasalemanas.de\\\/\"},{\"@type\":\"ListItem\",\"position\":2,\"name\":\"Worauf schreiben im neuen Schuljahr?\"}]},{\"@type\":\"WebSite\",\"@id\":\"https:\\\/\\\/damasalemanas.de\\\/#website\",\"url\":\"https:\\\/\\\/damasalemanas.de\\\/\",\"name\":\"Damas Alemanas Ecuador\",\"description\":\"\",\"publisher\":{\"@id\":\"https:\\\/\\\/damasalemanas.de\\\/#organization\"},\"potentialAction\":[{\"@type\":\"SearchAction\",\"target\":{\"@type\":\"EntryPoint\",\"urlTemplate\":\"https:\\\/\\\/damasalemanas.de\\\/?s={search_term_string}\"},\"query-input\":{\"@type\":\"PropertyValueSpecification\",\"valueRequired\":true,\"valueName\":\"search_term_string\"}}],\"inLanguage\":\"es\"},{\"@type\":\"Organization\",\"@id\":\"https:\\\/\\\/damasalemanas.de\\\/#organization\",\"name\":\"Damas Alemanas Ecuador\",\"url\":\"https:\\\/\\\/damasalemanas.de\\\/\",\"logo\":{\"@type\":\"ImageObject\",\"inLanguage\":\"es\",\"@id\":\"https:\\\/\\\/damasalemanas.de\\\/#\\\/schema\\\/logo\\\/image\\\/\",\"url\":\"https:\\\/\\\/damasalemanas.de\\\/wp-content\\\/uploads\\\/2020\\\/10\\\/cropped-Logo-Damas-Alemanas-1.png\",\"contentUrl\":\"https:\\\/\\\/damasalemanas.de\\\/wp-content\\\/uploads\\\/2020\\\/10\\\/cropped-Logo-Damas-Alemanas-1.png\",\"width\":487,\"height\":260,\"caption\":\"Damas Alemanas Ecuador\"},\"image\":{\"@id\":\"https:\\\/\\\/damasalemanas.de\\\/#\\\/schema\\\/logo\\\/image\\\/\"}},{\"@type\":\"Person\",\"@id\":\"https:\\\/\\\/damasalemanas.de\\\/#\\\/schema\\\/person\\\/2121e65a3b20e7731d80d5f06921e536\",\"name\":\"admin\",\"image\":{\"@type\":\"ImageObject\",\"inLanguage\":\"es\",\"@id\":\"https:\\\/\\\/secure.gravatar.com\\\/avatar\\\/156e7b31ea9a70fc0b219ffacd7910c2f6c6075e41ada4bcc0bcb57178704e34?s=96&d=blank&r=g\",\"url\":\"https:\\\/\\\/secure.gravatar.com\\\/avatar\\\/156e7b31ea9a70fc0b219ffacd7910c2f6c6075e41ada4bcc0bcb57178704e34?s=96&d=blank&r=g\",\"contentUrl\":\"https:\\\/\\\/secure.gravatar.com\\\/avatar\\\/156e7b31ea9a70fc0b219ffacd7910c2f6c6075e41ada4bcc0bcb57178704e34?s=96&d=blank&r=g\",\"caption\":\"admin\"},\"sameAs\":[\"https:\\\/\\\/damasalemanas.de\"],\"url\":\"https:\\\/\\\/damasalemanas.de\\\/esp\\\/author\\\/admin\\\/\"}]}<\/script>\n<!-- \/ Yoast SEO plugin. -->","yoast_head_json":{"title":"Damas Alemanas organisieren Schulmaterial f\u00fcr Familien in Portoviejo","description":"Die Damas Alemanas organisieren zusammen mit der CASAlianza Schulmaterial f\u00fcr viele Familien in Portoviejo, Ecuador.","robots":{"index":"index","follow":"follow","max-snippet":"max-snippet:-1","max-image-preview":"max-image-preview:large","max-video-preview":"max-video-preview:-1"},"canonical":"https:\/\/damasalemanas.de\/esp\/worauf-schreiben-im-neuen-schuljahr\/","og_locale":"es_ES","og_type":"article","og_title":"Damas Alemanas organisieren Schulmaterial f\u00fcr Familien in Portoviejo","og_description":"Die Damas Alemanas organisieren zusammen mit der CASAlianza Schulmaterial f\u00fcr viele Familien in Portoviejo, Ecuador.","og_url":"https:\/\/damasalemanas.de\/esp\/worauf-schreiben-im-neuen-schuljahr\/","og_site_name":"Damas Alemanas Ecuador","article_published_time":"2022-05-27T00:51:31+00:00","article_modified_time":"2022-05-27T00:59:52+00:00","og_image":[{"width":1920,"height":1080,"url":"https:\/\/damasalemanas.de\/wp-content\/uploads\/2022\/05\/Worauf-schreiben-im-neuen-Schuljahr-Titelbild.jpg","type":"image\/jpeg"}],"author":"admin","twitter_card":"summary_large_image","schema":{"@context":"https:\/\/schema.org","@graph":[{"@type":"Article","@id":"https:\/\/damasalemanas.de\/worauf-schreiben-im-neuen-schuljahr\/#article","isPartOf":{"@id":"https:\/\/damasalemanas.de\/worauf-schreiben-im-neuen-schuljahr\/"},"author":{"name":"admin","@id":"https:\/\/damasalemanas.de\/#\/schema\/person\/2121e65a3b20e7731d80d5f06921e536"},"headline":"Worauf schreiben im neuen Schuljahr?","datePublished":"2022-05-27T00:51:31+00:00","dateModified":"2022-05-27T00:59:52+00:00","mainEntityOfPage":{"@id":"https:\/\/damasalemanas.de\/worauf-schreiben-im-neuen-schuljahr\/"},"wordCount":222,"commentCount":0,"publisher":{"@id":"https:\/\/damasalemanas.de\/#organization"},"image":{"@id":"https:\/\/damasalemanas.de\/worauf-schreiben-im-neuen-schuljahr\/#primaryimage"},"thumbnailUrl":"https:\/\/damasalemanas.de\/wp-content\/uploads\/2022\/05\/Worauf-schreiben-im-neuen-Schuljahr-Titelbild.jpg","articleSection":["Allgemein","Bildung"],"inLanguage":"es","potentialAction":[{"@type":"CommentAction","name":"Comment","target":["https:\/\/damasalemanas.de\/worauf-schreiben-im-neuen-schuljahr\/#respond"]}]},{"@type":"WebPage","@id":"https:\/\/damasalemanas.de\/worauf-schreiben-im-neuen-schuljahr\/","url":"https:\/\/damasalemanas.de\/worauf-schreiben-im-neuen-schuljahr\/","name":"Damas Alemanas organisieren Schulmaterial f\u00fcr Familien in Portoviejo","isPartOf":{"@id":"https:\/\/damasalemanas.de\/#website"},"primaryImageOfPage":{"@id":"https:\/\/damasalemanas.de\/worauf-schreiben-im-neuen-schuljahr\/#primaryimage"},"image":{"@id":"https:\/\/damasalemanas.de\/worauf-schreiben-im-neuen-schuljahr\/#primaryimage"},"thumbnailUrl":"https:\/\/damasalemanas.de\/wp-content\/uploads\/2022\/05\/Worauf-schreiben-im-neuen-Schuljahr-Titelbild.jpg","datePublished":"2022-05-27T00:51:31+00:00","dateModified":"2022-05-27T00:59:52+00:00","description":"Die Damas Alemanas organisieren zusammen mit der CASAlianza Schulmaterial f\u00fcr viele Familien in Portoviejo, Ecuador.","breadcrumb":{"@id":"https:\/\/damasalemanas.de\/worauf-schreiben-im-neuen-schuljahr\/#breadcrumb"},"inLanguage":"es","potentialAction":[{"@type":"ReadAction","target":["https:\/\/damasalemanas.de\/worauf-schreiben-im-neuen-schuljahr\/"]}]},{"@type":"ImageObject","inLanguage":"es","@id":"https:\/\/damasalemanas.de\/worauf-schreiben-im-neuen-schuljahr\/#primaryimage","url":"https:\/\/damasalemanas.de\/wp-content\/uploads\/2022\/05\/Worauf-schreiben-im-neuen-Schuljahr-Titelbild.jpg","contentUrl":"https:\/\/damasalemanas.de\/wp-content\/uploads\/2022\/05\/Worauf-schreiben-im-neuen-Schuljahr-Titelbild.jpg","width":1920,"height":1080,"caption":"Die drei Jungen leben mit zwei Geschwistern bei ihrem Vater. Die Stiftung \u201eCASAlianza\u201c besorgte das notwendige Schulmaterial f\u00fcr die Familie. Foto \u00a9 Cristhian Almeida"},{"@type":"BreadcrumbList","@id":"https:\/\/damasalemanas.de\/worauf-schreiben-im-neuen-schuljahr\/#breadcrumb","itemListElement":[{"@type":"ListItem","position":1,"name":"Startseite","item":"https:\/\/damasalemanas.de\/"},{"@type":"ListItem","position":2,"name":"Worauf schreiben im neuen Schuljahr?"}]},{"@type":"WebSite","@id":"https:\/\/damasalemanas.de\/#website","url":"https:\/\/damasalemanas.de\/","name":"Damas Alemanas Ecuador","description":"","publisher":{"@id":"https:\/\/damasalemanas.de\/#organization"},"potentialAction":[{"@type":"SearchAction","target":{"@type":"EntryPoint","urlTemplate":"https:\/\/damasalemanas.de\/?s={search_term_string}"},"query-input":{"@type":"PropertyValueSpecification","valueRequired":true,"valueName":"search_term_string"}}],"inLanguage":"es"},{"@type":"Organization","@id":"https:\/\/damasalemanas.de\/#organization","name":"Damas Alemanas Ecuador","url":"https:\/\/damasalemanas.de\/","logo":{"@type":"ImageObject","inLanguage":"es","@id":"https:\/\/damasalemanas.de\/#\/schema\/logo\/image\/","url":"https:\/\/damasalemanas.de\/wp-content\/uploads\/2020\/10\/cropped-Logo-Damas-Alemanas-1.png","contentUrl":"https:\/\/damasalemanas.de\/wp-content\/uploads\/2020\/10\/cropped-Logo-Damas-Alemanas-1.png","width":487,"height":260,"caption":"Damas Alemanas Ecuador"},"image":{"@id":"https:\/\/damasalemanas.de\/#\/schema\/logo\/image\/"}},{"@type":"Person","@id":"https:\/\/damasalemanas.de\/#\/schema\/person\/2121e65a3b20e7731d80d5f06921e536","name":"admin","image":{"@type":"ImageObject","inLanguage":"es","@id":"https:\/\/secure.gravatar.com\/avatar\/156e7b31ea9a70fc0b219ffacd7910c2f6c6075e41ada4bcc0bcb57178704e34?s=96&d=blank&r=g","url":"https:\/\/secure.gravatar.com\/avatar\/156e7b31ea9a70fc0b219ffacd7910c2f6c6075e41ada4bcc0bcb57178704e34?s=96&d=blank&r=g","contentUrl":"https:\/\/secure.gravatar.com\/avatar\/156e7b31ea9a70fc0b219ffacd7910c2f6c6075e41ada4bcc0bcb57178704e34?s=96&d=blank&r=g","caption":"admin"},"sameAs":["https:\/\/damasalemanas.de"],"url":"https:\/\/damasalemanas.de\/esp\/author\/admin\/"}]}},"_links":{"self":[{"href":"https:\/\/damasalemanas.de\/esp\/wp-json\/wp\/v2\/posts\/739","targetHints":{"allow":["GET"]}}],"collection":[{"href":"https:\/\/damasalemanas.de\/esp\/wp-json\/wp\/v2\/posts"}],"about":[{"href":"https:\/\/damasalemanas.de\/esp\/wp-json\/wp\/v2\/types\/post"}],"author":[{"embeddable":true,"href":"https:\/\/damasalemanas.de\/esp\/wp-json\/wp\/v2\/users\/1"}],"replies":[{"embeddable":true,"href":"https:\/\/damasalemanas.de\/esp\/wp-json\/wp\/v2\/comments?post=739"}],"version-history":[{"count":2,"href":"https:\/\/damasalemanas.de\/esp\/wp-json\/wp\/v2\/posts\/739\/revisions"}],"predecessor-version":[{"id":747,"href":"https:\/\/damasalemanas.de\/esp\/wp-json\/wp\/v2\/posts\/739\/revisions\/747"}],"wp:featuredmedia":[{"embeddable":true,"href":"https:\/\/damasalemanas.de\/esp\/wp-json\/wp\/v2\/media\/741"}],"wp:attachment":[{"href":"https:\/\/damasalemanas.de\/esp\/wp-json\/wp\/v2\/media?parent=739"}],"wp:term":[{"taxonomy":"category","embeddable":true,"href":"https:\/\/damasalemanas.de\/esp\/wp-json\/wp\/v2\/categories?post=739"},{"taxonomy":"post_tag","embeddable":true,"href":"https:\/\/damasalemanas.de\/esp\/wp-json\/wp\/v2\/tags?post=739"}],"curies":[{"name":"wp","href":"https:\/\/api.w.org\/{rel}","templated":true}]}}