{"id":726,"date":"2022-04-27T20:40:40","date_gmt":"2022-04-27T18:40:40","guid":{"rendered":"https:\/\/damasalemanas.de\/?p=726"},"modified":"2022-04-28T03:35:08","modified_gmt":"2022-04-28T01:35:08","slug":"taeglich-ein-warmes-essen","status":"publish","type":"post","link":"https:\/\/damasalemanas.de\/esp\/taeglich-ein-warmes-essen\/","title":{"rendered":"T\u00e4glich ein warmes Essen"},"content":{"rendered":"<p>Nach zwei Jahren Pandemie bekommen 60 Kinder aus der Gemeinde \u201eLa Concepci\u00f3n\u201c endlich wieder t\u00e4glich eine warme Mahlzeit. Die im Norden der Hauptstadt Quito gelegene Gemeinde hat ihren Mittagstisch, den \u201e<a href=\"\/esp\/das-projekt-comedor-la-concepcion\/\" target=\"_blank\" rel=\"noreferrer noopener\">Comedor<\/a>\u201c, wieder er\u00f6ffnet. Von Montag bis Freitag kommen jeweils drei\u00dfig Kinder im Alter von f\u00fcnf bis sechzehn Jahren in zwei Gruppen zum Essen; die einen, die am Vormittag zur Schule gehen, um 13.00, die Gruppe mit Nachmittagsunterricht bereits um 12.00.<\/p>\n\n\n\n<figure class=\"wp-block-image size-large\"><img loading=\"lazy\" decoding=\"async\" width=\"1024\" height=\"576\" src=\"https:\/\/damasalemanas.de\/wp-content\/uploads\/2022\/04\/Comedor-2-1024x576.jpg\" alt=\"Von Montag bis Freitag erhalten die Kinder ihr warmes und gesundes Essen. Foto \u00a9 Elisabeth Ubidia\" class=\"wp-image-728\" srcset=\"https:\/\/damasalemanas.de\/wp-content\/uploads\/2022\/04\/Comedor-2-1024x576.jpg 1024w, https:\/\/damasalemanas.de\/wp-content\/uploads\/2022\/04\/Comedor-2-300x169.jpg 300w, https:\/\/damasalemanas.de\/wp-content\/uploads\/2022\/04\/Comedor-2-768x432.jpg 768w, https:\/\/damasalemanas.de\/wp-content\/uploads\/2022\/04\/Comedor-2-1536x864.jpg 1536w, https:\/\/damasalemanas.de\/wp-content\/uploads\/2022\/04\/Comedor-2-18x10.jpg 18w, https:\/\/damasalemanas.de\/wp-content\/uploads\/2022\/04\/Comedor-2-1200x675.jpg 1200w, https:\/\/damasalemanas.de\/wp-content\/uploads\/2022\/04\/Comedor-2.jpg 1920w\" sizes=\"auto, (max-width: 1024px) 100vw, 1024px\" \/><figcaption>Von Montag bis Freitag erhalten die Kinder ihr warmes und gesundes Essen. Foto \u00a9 Elisabeth Ubidia<\/figcaption><\/figure>\n\n\n\n<p>Katholische Schwestern vom Orden der \u201eHermanas de Cottolengo\u201c bereiten die Mahlzeiten vor und legen Wert darauf, dass immer auch ein Salat mit dabei ist; das ist besonders wichtig, weil die Kinder zu Hause nicht nur zu wenig, sondern oft auch kaum gesundes Essen erhalten. Jeden Montag wird das warme Mittagessen von den Damas finanziert. an den anderen Tagen helfen private Spender oder notfalls die Familie des Pfarrers aus. Einmal im Monat werden zus\u00e4tzlich kleine T\u00fcten mit Grundnahrungsmitteln (Bohnen, Thunfisch, Reis, Zucker) an bis zu 450 bed\u00fcrftige Familien ausgegeben &#8211; die der Gemeinde gespendeten Mittel reichen oft nicht, und die Schlangen von \u00e4lteren Frauen, M\u00fcttern und venezolanischen Fl\u00fcchtlingen sind in den letzten Monaten stetig l\u00e4nger geworden.<\/p>\n\n\n\n<figure class=\"wp-block-image size-large\"><img loading=\"lazy\" decoding=\"async\" width=\"1024\" height=\"576\" src=\"https:\/\/damasalemanas.de\/wp-content\/uploads\/2022\/04\/Comedor-1-1024x576.jpg\" alt=\"Katholische Schwestern vom Orden der \u201eHermanas de Cottolengo\u201c bereiten die Mahlzeiten vor. Foto \u00a9 Elisabeth Ubidia\" class=\"wp-image-727\" srcset=\"https:\/\/damasalemanas.de\/wp-content\/uploads\/2022\/04\/Comedor-1-1024x576.jpg 1024w, https:\/\/damasalemanas.de\/wp-content\/uploads\/2022\/04\/Comedor-1-300x169.jpg 300w, https:\/\/damasalemanas.de\/wp-content\/uploads\/2022\/04\/Comedor-1-768x432.jpg 768w, https:\/\/damasalemanas.de\/wp-content\/uploads\/2022\/04\/Comedor-1-1536x864.jpg 1536w, https:\/\/damasalemanas.de\/wp-content\/uploads\/2022\/04\/Comedor-1-18x10.jpg 18w, https:\/\/damasalemanas.de\/wp-content\/uploads\/2022\/04\/Comedor-1-1200x675.jpg 1200w, https:\/\/damasalemanas.de\/wp-content\/uploads\/2022\/04\/Comedor-1.jpg 1920w\" sizes=\"auto, (max-width: 1024px) 100vw, 1024px\" \/><figcaption>Katholische Schwestern vom Orden der \u201eHermanas de Cottolengo\u201c bereiten die Mahlzeiten vor. Foto \u00a9 Elisabeth Ubidia<\/figcaption><\/figure>\n\n\n\n<p>Wir freuen uns \u00fcber jede Spende. <a href=\"https:\/\/damasalemanas.de\/esp\/helfen\/\">Besuchen Sie unsere Spendenseite<\/a> und unterst\u00fctzen Sie uns bei unserer Arbeit hier in Ecuador.<\/p>\n\n\n\n<p><em>Cumbay\u00e1, Ecuador \u2013 26.04.2022 \u2013 Benita Schauer<\/em><\/p>","protected":false},"excerpt":{"rendered":"<p>Nach zwei Jahren Pandemie bekommen 60 Kinder aus der Gemeinde \u201eLa Concepci\u00f3n\u201c endlich wieder t\u00e4glich eine warme Mahlzeit. Die im Norden der Hauptstadt Quito gelegene Gemeinde hat ihren Mittagstisch, den \u201eComedor\u201c, wieder er\u00f6ffnet. Von Montag bis Freitag kommen jeweils drei\u00dfig Kinder im Alter von f\u00fcnf bis sechzehn Jahren in zwei Gruppen zum Essen; die einen, [&hellip;]<\/p>","protected":false},"author":1,"featured_media":729,"comment_status":"open","ping_status":"open","sticky":false,"template":"","format":"standard","meta":{"footnotes":""},"categories":[1,13],"tags":[],"class_list":["post-726","post","type-post","status-publish","format-standard","has-post-thumbnail","hentry","category-allgemein","category-nahrungsmittelhilfe"],"yoast_head":"<!-- This site is optimized with the Yoast SEO plugin v27.5 - https:\/\/yoast.com\/product\/yoast-seo-wordpress\/ -->\n<title>Wieder warme Mahlzeiten f\u00fcr 60 Kinder aus Ecuador<\/title>\n<meta name=\"description\" content=\"Nach 2 Jahren Pandemie bekommen 60 Kinder aus der Gemeinde \u201eLa Concepci\u00f3n\u201c wieder t\u00e4glich eine warme Mahlzeit. Auch durch die Damas Alemanas.\" \/>\n<meta name=\"robots\" content=\"index, follow, max-snippet:-1, max-image-preview:large, max-video-preview:-1\" \/>\n<link rel=\"canonical\" href=\"https:\/\/damasalemanas.de\/esp\/taeglich-ein-warmes-essen\/\" \/>\n<meta property=\"og:locale\" content=\"es_ES\" \/>\n<meta property=\"og:type\" content=\"article\" \/>\n<meta property=\"og:title\" content=\"Wieder warme Mahlzeiten f\u00fcr 60 Kinder aus Ecuador\" \/>\n<meta property=\"og:description\" content=\"Nach 2 Jahren Pandemie bekommen 60 Kinder aus der Gemeinde \u201eLa Concepci\u00f3n\u201c wieder t\u00e4glich eine warme Mahlzeit. Auch durch die Damas Alemanas.\" \/>\n<meta property=\"og:url\" content=\"https:\/\/damasalemanas.de\/esp\/taeglich-ein-warmes-essen\/\" \/>\n<meta property=\"og:site_name\" content=\"Damas Alemanas Ecuador\" \/>\n<meta property=\"article:published_time\" content=\"2022-04-27T18:40:40+00:00\" \/>\n<meta property=\"article:modified_time\" content=\"2022-04-28T01:35:08+00:00\" \/>\n<meta property=\"og:image\" content=\"https:\/\/damasalemanas.de\/wp-content\/uploads\/2022\/04\/Comedor-3.jpg\" \/>\n\t<meta property=\"og:image:width\" content=\"1920\" \/>\n\t<meta property=\"og:image:height\" content=\"1080\" \/>\n\t<meta property=\"og:image:type\" content=\"image\/jpeg\" \/>\n<meta name=\"author\" content=\"admin\" \/>\n<meta name=\"twitter:card\" content=\"summary_large_image\" \/>\n<script type=\"application\/ld+json\" class=\"yoast-schema-graph\">{\"@context\":\"https:\\\/\\\/schema.org\",\"@graph\":[{\"@type\":\"Article\",\"@id\":\"https:\\\/\\\/damasalemanas.de\\\/taeglich-ein-warmes-essen\\\/#article\",\"isPartOf\":{\"@id\":\"https:\\\/\\\/damasalemanas.de\\\/taeglich-ein-warmes-essen\\\/\"},\"author\":{\"name\":\"admin\",\"@id\":\"https:\\\/\\\/damasalemanas.de\\\/#\\\/schema\\\/person\\\/2121e65a3b20e7731d80d5f06921e536\"},\"headline\":\"T\u00e4glich ein warmes Essen\",\"datePublished\":\"2022-04-27T18:40:40+00:00\",\"dateModified\":\"2022-04-28T01:35:08+00:00\",\"mainEntityOfPage\":{\"@id\":\"https:\\\/\\\/damasalemanas.de\\\/taeglich-ein-warmes-essen\\\/\"},\"wordCount\":252,\"commentCount\":0,\"publisher\":{\"@id\":\"https:\\\/\\\/damasalemanas.de\\\/#organization\"},\"image\":{\"@id\":\"https:\\\/\\\/damasalemanas.de\\\/taeglich-ein-warmes-essen\\\/#primaryimage\"},\"thumbnailUrl\":\"https:\\\/\\\/damasalemanas.de\\\/wp-content\\\/uploads\\\/2022\\\/04\\\/Comedor-3.jpg\",\"articleSection\":[\"Allgemein\",\"Nahrungsmittelhilfe\"],\"inLanguage\":\"es\",\"potentialAction\":[{\"@type\":\"CommentAction\",\"name\":\"Comment\",\"target\":[\"https:\\\/\\\/damasalemanas.de\\\/taeglich-ein-warmes-essen\\\/#respond\"]}]},{\"@type\":\"WebPage\",\"@id\":\"https:\\\/\\\/damasalemanas.de\\\/taeglich-ein-warmes-essen\\\/\",\"url\":\"https:\\\/\\\/damasalemanas.de\\\/taeglich-ein-warmes-essen\\\/\",\"name\":\"Wieder warme Mahlzeiten f\u00fcr 60 Kinder aus Ecuador\",\"isPartOf\":{\"@id\":\"https:\\\/\\\/damasalemanas.de\\\/#website\"},\"primaryImageOfPage\":{\"@id\":\"https:\\\/\\\/damasalemanas.de\\\/taeglich-ein-warmes-essen\\\/#primaryimage\"},\"image\":{\"@id\":\"https:\\\/\\\/damasalemanas.de\\\/taeglich-ein-warmes-essen\\\/#primaryimage\"},\"thumbnailUrl\":\"https:\\\/\\\/damasalemanas.de\\\/wp-content\\\/uploads\\\/2022\\\/04\\\/Comedor-3.jpg\",\"datePublished\":\"2022-04-27T18:40:40+00:00\",\"dateModified\":\"2022-04-28T01:35:08+00:00\",\"description\":\"Nach 2 Jahren Pandemie bekommen 60 Kinder aus der Gemeinde \u201eLa Concepci\u00f3n\u201c wieder t\u00e4glich eine warme Mahlzeit. Auch durch die Damas Alemanas.\",\"breadcrumb\":{\"@id\":\"https:\\\/\\\/damasalemanas.de\\\/taeglich-ein-warmes-essen\\\/#breadcrumb\"},\"inLanguage\":\"es\",\"potentialAction\":[{\"@type\":\"ReadAction\",\"target\":[\"https:\\\/\\\/damasalemanas.de\\\/taeglich-ein-warmes-essen\\\/\"]}]},{\"@type\":\"ImageObject\",\"inLanguage\":\"es\",\"@id\":\"https:\\\/\\\/damasalemanas.de\\\/taeglich-ein-warmes-essen\\\/#primaryimage\",\"url\":\"https:\\\/\\\/damasalemanas.de\\\/wp-content\\\/uploads\\\/2022\\\/04\\\/Comedor-3.jpg\",\"contentUrl\":\"https:\\\/\\\/damasalemanas.de\\\/wp-content\\\/uploads\\\/2022\\\/04\\\/Comedor-3.jpg\",\"width\":1920,\"height\":1080,\"caption\":\"Endlich ist der Comedor in der Gemeinde \u201eLa Concepci\u00f3n\u201c wieder er\u00f6ffnet. Foto \u00a9 Elisabeth Ubidia\"},{\"@type\":\"BreadcrumbList\",\"@id\":\"https:\\\/\\\/damasalemanas.de\\\/taeglich-ein-warmes-essen\\\/#breadcrumb\",\"itemListElement\":[{\"@type\":\"ListItem\",\"position\":1,\"name\":\"Startseite\",\"item\":\"https:\\\/\\\/damasalemanas.de\\\/\"},{\"@type\":\"ListItem\",\"position\":2,\"name\":\"T\u00e4glich ein warmes Essen\"}]},{\"@type\":\"WebSite\",\"@id\":\"https:\\\/\\\/damasalemanas.de\\\/#website\",\"url\":\"https:\\\/\\\/damasalemanas.de\\\/\",\"name\":\"Damas Alemanas Ecuador\",\"description\":\"\",\"publisher\":{\"@id\":\"https:\\\/\\\/damasalemanas.de\\\/#organization\"},\"potentialAction\":[{\"@type\":\"SearchAction\",\"target\":{\"@type\":\"EntryPoint\",\"urlTemplate\":\"https:\\\/\\\/damasalemanas.de\\\/?s={search_term_string}\"},\"query-input\":{\"@type\":\"PropertyValueSpecification\",\"valueRequired\":true,\"valueName\":\"search_term_string\"}}],\"inLanguage\":\"es\"},{\"@type\":\"Organization\",\"@id\":\"https:\\\/\\\/damasalemanas.de\\\/#organization\",\"name\":\"Damas Alemanas Ecuador\",\"url\":\"https:\\\/\\\/damasalemanas.de\\\/\",\"logo\":{\"@type\":\"ImageObject\",\"inLanguage\":\"es\",\"@id\":\"https:\\\/\\\/damasalemanas.de\\\/#\\\/schema\\\/logo\\\/image\\\/\",\"url\":\"https:\\\/\\\/damasalemanas.de\\\/wp-content\\\/uploads\\\/2020\\\/10\\\/cropped-Logo-Damas-Alemanas-1.png\",\"contentUrl\":\"https:\\\/\\\/damasalemanas.de\\\/wp-content\\\/uploads\\\/2020\\\/10\\\/cropped-Logo-Damas-Alemanas-1.png\",\"width\":487,\"height\":260,\"caption\":\"Damas Alemanas Ecuador\"},\"image\":{\"@id\":\"https:\\\/\\\/damasalemanas.de\\\/#\\\/schema\\\/logo\\\/image\\\/\"}},{\"@type\":\"Person\",\"@id\":\"https:\\\/\\\/damasalemanas.de\\\/#\\\/schema\\\/person\\\/2121e65a3b20e7731d80d5f06921e536\",\"name\":\"admin\",\"image\":{\"@type\":\"ImageObject\",\"inLanguage\":\"es\",\"@id\":\"https:\\\/\\\/secure.gravatar.com\\\/avatar\\\/156e7b31ea9a70fc0b219ffacd7910c2f6c6075e41ada4bcc0bcb57178704e34?s=96&d=blank&r=g\",\"url\":\"https:\\\/\\\/secure.gravatar.com\\\/avatar\\\/156e7b31ea9a70fc0b219ffacd7910c2f6c6075e41ada4bcc0bcb57178704e34?s=96&d=blank&r=g\",\"contentUrl\":\"https:\\\/\\\/secure.gravatar.com\\\/avatar\\\/156e7b31ea9a70fc0b219ffacd7910c2f6c6075e41ada4bcc0bcb57178704e34?s=96&d=blank&r=g\",\"caption\":\"admin\"},\"sameAs\":[\"https:\\\/\\\/damasalemanas.de\"],\"url\":\"https:\\\/\\\/damasalemanas.de\\\/esp\\\/author\\\/admin\\\/\"}]}<\/script>\n<!-- \/ Yoast SEO plugin. -->","yoast_head_json":{"title":"Wieder warme Mahlzeiten f\u00fcr 60 Kinder aus Ecuador","description":"Nach 2 Jahren Pandemie bekommen 60 Kinder aus der Gemeinde \u201eLa Concepci\u00f3n\u201c wieder t\u00e4glich eine warme Mahlzeit. Auch durch die Damas Alemanas.","robots":{"index":"index","follow":"follow","max-snippet":"max-snippet:-1","max-image-preview":"max-image-preview:large","max-video-preview":"max-video-preview:-1"},"canonical":"https:\/\/damasalemanas.de\/esp\/taeglich-ein-warmes-essen\/","og_locale":"es_ES","og_type":"article","og_title":"Wieder warme Mahlzeiten f\u00fcr 60 Kinder aus Ecuador","og_description":"Nach 2 Jahren Pandemie bekommen 60 Kinder aus der Gemeinde \u201eLa Concepci\u00f3n\u201c wieder t\u00e4glich eine warme Mahlzeit. Auch durch die Damas Alemanas.","og_url":"https:\/\/damasalemanas.de\/esp\/taeglich-ein-warmes-essen\/","og_site_name":"Damas Alemanas Ecuador","article_published_time":"2022-04-27T18:40:40+00:00","article_modified_time":"2022-04-28T01:35:08+00:00","og_image":[{"width":1920,"height":1080,"url":"https:\/\/damasalemanas.de\/wp-content\/uploads\/2022\/04\/Comedor-3.jpg","type":"image\/jpeg"}],"author":"admin","twitter_card":"summary_large_image","schema":{"@context":"https:\/\/schema.org","@graph":[{"@type":"Article","@id":"https:\/\/damasalemanas.de\/taeglich-ein-warmes-essen\/#article","isPartOf":{"@id":"https:\/\/damasalemanas.de\/taeglich-ein-warmes-essen\/"},"author":{"name":"admin","@id":"https:\/\/damasalemanas.de\/#\/schema\/person\/2121e65a3b20e7731d80d5f06921e536"},"headline":"T\u00e4glich ein warmes Essen","datePublished":"2022-04-27T18:40:40+00:00","dateModified":"2022-04-28T01:35:08+00:00","mainEntityOfPage":{"@id":"https:\/\/damasalemanas.de\/taeglich-ein-warmes-essen\/"},"wordCount":252,"commentCount":0,"publisher":{"@id":"https:\/\/damasalemanas.de\/#organization"},"image":{"@id":"https:\/\/damasalemanas.de\/taeglich-ein-warmes-essen\/#primaryimage"},"thumbnailUrl":"https:\/\/damasalemanas.de\/wp-content\/uploads\/2022\/04\/Comedor-3.jpg","articleSection":["Allgemein","Nahrungsmittelhilfe"],"inLanguage":"es","potentialAction":[{"@type":"CommentAction","name":"Comment","target":["https:\/\/damasalemanas.de\/taeglich-ein-warmes-essen\/#respond"]}]},{"@type":"WebPage","@id":"https:\/\/damasalemanas.de\/taeglich-ein-warmes-essen\/","url":"https:\/\/damasalemanas.de\/taeglich-ein-warmes-essen\/","name":"Wieder warme Mahlzeiten f\u00fcr 60 Kinder aus Ecuador","isPartOf":{"@id":"https:\/\/damasalemanas.de\/#website"},"primaryImageOfPage":{"@id":"https:\/\/damasalemanas.de\/taeglich-ein-warmes-essen\/#primaryimage"},"image":{"@id":"https:\/\/damasalemanas.de\/taeglich-ein-warmes-essen\/#primaryimage"},"thumbnailUrl":"https:\/\/damasalemanas.de\/wp-content\/uploads\/2022\/04\/Comedor-3.jpg","datePublished":"2022-04-27T18:40:40+00:00","dateModified":"2022-04-28T01:35:08+00:00","description":"Nach 2 Jahren Pandemie bekommen 60 Kinder aus der Gemeinde \u201eLa Concepci\u00f3n\u201c wieder t\u00e4glich eine warme Mahlzeit. Auch durch die Damas Alemanas.","breadcrumb":{"@id":"https:\/\/damasalemanas.de\/taeglich-ein-warmes-essen\/#breadcrumb"},"inLanguage":"es","potentialAction":[{"@type":"ReadAction","target":["https:\/\/damasalemanas.de\/taeglich-ein-warmes-essen\/"]}]},{"@type":"ImageObject","inLanguage":"es","@id":"https:\/\/damasalemanas.de\/taeglich-ein-warmes-essen\/#primaryimage","url":"https:\/\/damasalemanas.de\/wp-content\/uploads\/2022\/04\/Comedor-3.jpg","contentUrl":"https:\/\/damasalemanas.de\/wp-content\/uploads\/2022\/04\/Comedor-3.jpg","width":1920,"height":1080,"caption":"Endlich ist der Comedor in der Gemeinde \u201eLa Concepci\u00f3n\u201c wieder er\u00f6ffnet. Foto \u00a9 Elisabeth Ubidia"},{"@type":"BreadcrumbList","@id":"https:\/\/damasalemanas.de\/taeglich-ein-warmes-essen\/#breadcrumb","itemListElement":[{"@type":"ListItem","position":1,"name":"Startseite","item":"https:\/\/damasalemanas.de\/"},{"@type":"ListItem","position":2,"name":"T\u00e4glich ein warmes Essen"}]},{"@type":"WebSite","@id":"https:\/\/damasalemanas.de\/#website","url":"https:\/\/damasalemanas.de\/","name":"Damas Alemanas Ecuador","description":"","publisher":{"@id":"https:\/\/damasalemanas.de\/#organization"},"potentialAction":[{"@type":"SearchAction","target":{"@type":"EntryPoint","urlTemplate":"https:\/\/damasalemanas.de\/?s={search_term_string}"},"query-input":{"@type":"PropertyValueSpecification","valueRequired":true,"valueName":"search_term_string"}}],"inLanguage":"es"},{"@type":"Organization","@id":"https:\/\/damasalemanas.de\/#organization","name":"Damas Alemanas Ecuador","url":"https:\/\/damasalemanas.de\/","logo":{"@type":"ImageObject","inLanguage":"es","@id":"https:\/\/damasalemanas.de\/#\/schema\/logo\/image\/","url":"https:\/\/damasalemanas.de\/wp-content\/uploads\/2020\/10\/cropped-Logo-Damas-Alemanas-1.png","contentUrl":"https:\/\/damasalemanas.de\/wp-content\/uploads\/2020\/10\/cropped-Logo-Damas-Alemanas-1.png","width":487,"height":260,"caption":"Damas Alemanas Ecuador"},"image":{"@id":"https:\/\/damasalemanas.de\/#\/schema\/logo\/image\/"}},{"@type":"Person","@id":"https:\/\/damasalemanas.de\/#\/schema\/person\/2121e65a3b20e7731d80d5f06921e536","name":"admin","image":{"@type":"ImageObject","inLanguage":"es","@id":"https:\/\/secure.gravatar.com\/avatar\/156e7b31ea9a70fc0b219ffacd7910c2f6c6075e41ada4bcc0bcb57178704e34?s=96&d=blank&r=g","url":"https:\/\/secure.gravatar.com\/avatar\/156e7b31ea9a70fc0b219ffacd7910c2f6c6075e41ada4bcc0bcb57178704e34?s=96&d=blank&r=g","contentUrl":"https:\/\/secure.gravatar.com\/avatar\/156e7b31ea9a70fc0b219ffacd7910c2f6c6075e41ada4bcc0bcb57178704e34?s=96&d=blank&r=g","caption":"admin"},"sameAs":["https:\/\/damasalemanas.de"],"url":"https:\/\/damasalemanas.de\/esp\/author\/admin\/"}]}},"_links":{"self":[{"href":"https:\/\/damasalemanas.de\/esp\/wp-json\/wp\/v2\/posts\/726","targetHints":{"allow":["GET"]}}],"collection":[{"href":"https:\/\/damasalemanas.de\/esp\/wp-json\/wp\/v2\/posts"}],"about":[{"href":"https:\/\/damasalemanas.de\/esp\/wp-json\/wp\/v2\/types\/post"}],"author":[{"embeddable":true,"href":"https:\/\/damasalemanas.de\/esp\/wp-json\/wp\/v2\/users\/1"}],"replies":[{"embeddable":true,"href":"https:\/\/damasalemanas.de\/esp\/wp-json\/wp\/v2\/comments?post=726"}],"version-history":[{"count":2,"href":"https:\/\/damasalemanas.de\/esp\/wp-json\/wp\/v2\/posts\/726\/revisions"}],"predecessor-version":[{"id":731,"href":"https:\/\/damasalemanas.de\/esp\/wp-json\/wp\/v2\/posts\/726\/revisions\/731"}],"wp:featuredmedia":[{"embeddable":true,"href":"https:\/\/damasalemanas.de\/esp\/wp-json\/wp\/v2\/media\/729"}],"wp:attachment":[{"href":"https:\/\/damasalemanas.de\/esp\/wp-json\/wp\/v2\/media?parent=726"}],"wp:term":[{"taxonomy":"category","embeddable":true,"href":"https:\/\/damasalemanas.de\/esp\/wp-json\/wp\/v2\/categories?post=726"},{"taxonomy":"post_tag","embeddable":true,"href":"https:\/\/damasalemanas.de\/esp\/wp-json\/wp\/v2\/tags?post=726"}],"curies":[{"name":"wp","href":"https:\/\/api.w.org\/{rel}","templated":true}]}}