{"id":683,"date":"2021-10-22T02:32:20","date_gmt":"2021-10-22T00:32:20","guid":{"rendered":"https:\/\/damasalemanas.de\/?p=683"},"modified":"2021-11-16T03:34:31","modified_gmt":"2021-11-16T02:34:31","slug":"weihnachtsbasar-2021-der-damas-alemanas","status":"publish","type":"post","link":"https:\/\/damasalemanas.de\/esp\/weihnachtsbasar-2021-der-damas-alemanas\/","title":{"rendered":"Bazar de Navidad 2021 de las Damas Alemanas"},"content":{"rendered":"<p>El d\u00eda s\u00e1bado 27 de noviembre del 2021 se llevar\u00e1 a cabo el tradicional bazar navide\u00f1o de la Sociedad Ben\u00e9fica de Damas Alemanas. Hora: de 10h00 a 16h00; Lugar: en las instalaciones de la Comunidad Cat\u00f3lica de habla alemana San Miguel (Eloy Alfaro y R\u00edo Coca). Podr\u00e1n encontrar especialidades alemanas, artesan\u00edas; habr\u00e1 una rifa con muchos premios, libros en alem\u00e1n y ingl\u00e9s,  comida caliente, caf\u00e9 y una variada oferta de pasteler\u00eda, y  mucho m\u00e1s!\nPara reservar una mesa como expositor, favor contactar a Beatriz Schlenker al celular 0998516325. Para pedidos de las coronas de Adviento decoradas favor contactar a Patricia Zehnle al celular 0991334471 (hasta el mi\u00e9rcoles 24 de noviembre).&nbsp;<\/p>\n\n\n\n<p>Se acatar\u00e1n las disposiciones del COE sobre las medidas de bioseguridad; hay estacionamiento vigilado en la Calle Los Laureles, detr\u00e1s de la Iglesia.<\/p>\n\n\n\n<div class=\"wp-block-image\"><figure class=\"aligncenter size-large\"><img loading=\"lazy\" decoding=\"async\" width=\"722\" height=\"1024\" src=\"https:\/\/damasalemanas.de\/wp-content\/uploads\/2021\/10\/Weihnachtsbasar-2021-Flyer-Website-722x1024.jpg\" alt=\"Nach einem Jahr Pause findet der Weihnachtsbasar 2021 wieder statt.\" class=\"wp-image-685\" srcset=\"https:\/\/damasalemanas.de\/wp-content\/uploads\/2021\/10\/Weihnachtsbasar-2021-Flyer-Website-722x1024.jpg 722w, https:\/\/damasalemanas.de\/wp-content\/uploads\/2021\/10\/Weihnachtsbasar-2021-Flyer-Website-211x300.jpg 211w, https:\/\/damasalemanas.de\/wp-content\/uploads\/2021\/10\/Weihnachtsbasar-2021-Flyer-Website-768x1090.jpg 768w, https:\/\/damasalemanas.de\/wp-content\/uploads\/2021\/10\/Weihnachtsbasar-2021-Flyer-Website-1083x1536.jpg 1083w, https:\/\/damasalemanas.de\/wp-content\/uploads\/2021\/10\/Weihnachtsbasar-2021-Flyer-Website-8x12.jpg 8w, https:\/\/damasalemanas.de\/wp-content\/uploads\/2021\/10\/Weihnachtsbasar-2021-Flyer-Website-1200x1703.jpg 1200w, https:\/\/damasalemanas.de\/wp-content\/uploads\/2021\/10\/Weihnachtsbasar-2021-Flyer-Website.jpg 1280w\" sizes=\"auto, (max-width: 722px) 100vw, 722px\" \/><\/figure><\/div>\n\n\n\n<p><em>Cumbay\u00e1, Ecuador &#8211; 21.10.2021, 17:39 Uhr &#8211; Benita Schauer (Update: 15.11.2021, 21:34 Uhr)<\/em><\/p>","protected":false},"excerpt":{"rendered":"<p>Am Samstag 27. November 2021 findet von 10.00 &#8211; 16.00 wieder der traditionelle Weihnachtsbasar der Damas Alemanas statt. Auf dem Gel\u00e4nde der deutschen katholischen Kirchengemeinde Sankt Michael (Eloy Alfaro \/ Rio Coca) erwarten Sie deutsche Leckereien, Kunsthandwerk, eine Tombola mit vielen attraktiven Preisen, deutsche und englische B\u00fccher, Mittagessen, Kaffee und Kuchen\u2026 Tischreservierungen f\u00fcr Aussteller bitte [&hellip;]<\/p>","protected":false},"author":1,"featured_media":684,"comment_status":"open","ping_status":"open","sticky":false,"template":"","format":"standard","meta":{"footnotes":""},"categories":[1],"tags":[],"class_list":["post-683","post","type-post","status-publish","format-standard","has-post-thumbnail","hentry","category-allgemein"],"yoast_head":"<!-- This site is optimized with the Yoast SEO plugin v27.5 - https:\/\/yoast.com\/product\/yoast-seo-wordpress\/ -->\n<title>Weihnachtsbasar 2021 der Damas Alemanas am 27.11.2021<\/title>\n<meta name=\"description\" content=\"In diesem Jahr findet wieder der allj\u00e4hrliche Weihnachtsbasar der Damas Alemanas statt. Am 27.11.2021 freuen wir uns auf Ihren Besuch.\" \/>\n<meta name=\"robots\" content=\"index, follow, max-snippet:-1, max-image-preview:large, max-video-preview:-1\" \/>\n<link rel=\"canonical\" href=\"https:\/\/damasalemanas.de\/esp\/weihnachtsbasar-2021-der-damas-alemanas\/\" \/>\n<meta property=\"og:locale\" content=\"es_ES\" \/>\n<meta property=\"og:type\" content=\"article\" \/>\n<meta property=\"og:title\" content=\"Weihnachtsbasar 2021 der Damas Alemanas am 27.11.2021\" \/>\n<meta property=\"og:description\" content=\"In diesem Jahr findet wieder der allj\u00e4hrliche Weihnachtsbasar der Damas Alemanas statt. Am 27.11.2021 freuen wir uns auf Ihren Besuch.\" \/>\n<meta property=\"og:url\" content=\"https:\/\/damasalemanas.de\/esp\/weihnachtsbasar-2021-der-damas-alemanas\/\" \/>\n<meta property=\"og:site_name\" content=\"Damas Alemanas Ecuador\" \/>\n<meta property=\"article:published_time\" content=\"2021-10-22T00:32:20+00:00\" \/>\n<meta property=\"article:modified_time\" content=\"2021-11-16T02:34:31+00:00\" \/>\n<meta property=\"og:image\" content=\"https:\/\/damasalemanas.de\/wp-content\/uploads\/2021\/10\/Weihnachtsbasar-2021-Titelbild.jpg\" \/>\n\t<meta property=\"og:image:width\" content=\"1920\" \/>\n\t<meta property=\"og:image:height\" content=\"1080\" \/>\n\t<meta property=\"og:image:type\" content=\"image\/jpeg\" \/>\n<meta name=\"author\" content=\"admin\" \/>\n<meta name=\"twitter:card\" content=\"summary_large_image\" \/>\n<script type=\"application\/ld+json\" class=\"yoast-schema-graph\">{\"@context\":\"https:\\\/\\\/schema.org\",\"@graph\":[{\"@type\":\"Article\",\"@id\":\"https:\\\/\\\/damasalemanas.de\\\/weihnachtsbasar-2021-der-damas-alemanas\\\/#article\",\"isPartOf\":{\"@id\":\"https:\\\/\\\/damasalemanas.de\\\/weihnachtsbasar-2021-der-damas-alemanas\\\/\"},\"author\":{\"name\":\"admin\",\"@id\":\"https:\\\/\\\/damasalemanas.de\\\/#\\\/schema\\\/person\\\/2121e65a3b20e7731d80d5f06921e536\"},\"headline\":\"Weihnachtsbasar 2021 der Damas Alemanas\",\"datePublished\":\"2021-10-22T00:32:20+00:00\",\"dateModified\":\"2021-11-16T02:34:31+00:00\",\"mainEntityOfPage\":{\"@id\":\"https:\\\/\\\/damasalemanas.de\\\/weihnachtsbasar-2021-der-damas-alemanas\\\/\"},\"wordCount\":110,\"commentCount\":2,\"publisher\":{\"@id\":\"https:\\\/\\\/damasalemanas.de\\\/#organization\"},\"image\":{\"@id\":\"https:\\\/\\\/damasalemanas.de\\\/weihnachtsbasar-2021-der-damas-alemanas\\\/#primaryimage\"},\"thumbnailUrl\":\"https:\\\/\\\/damasalemanas.de\\\/wp-content\\\/uploads\\\/2021\\\/10\\\/Weihnachtsbasar-2021-Titelbild.jpg\",\"articleSection\":[\"Allgemein\"],\"inLanguage\":\"es\",\"potentialAction\":[{\"@type\":\"CommentAction\",\"name\":\"Comment\",\"target\":[\"https:\\\/\\\/damasalemanas.de\\\/weihnachtsbasar-2021-der-damas-alemanas\\\/#respond\"]}]},{\"@type\":\"WebPage\",\"@id\":\"https:\\\/\\\/damasalemanas.de\\\/weihnachtsbasar-2021-der-damas-alemanas\\\/\",\"url\":\"https:\\\/\\\/damasalemanas.de\\\/weihnachtsbasar-2021-der-damas-alemanas\\\/\",\"name\":\"Weihnachtsbasar 2021 der Damas Alemanas am 27.11.2021\",\"isPartOf\":{\"@id\":\"https:\\\/\\\/damasalemanas.de\\\/#website\"},\"primaryImageOfPage\":{\"@id\":\"https:\\\/\\\/damasalemanas.de\\\/weihnachtsbasar-2021-der-damas-alemanas\\\/#primaryimage\"},\"image\":{\"@id\":\"https:\\\/\\\/damasalemanas.de\\\/weihnachtsbasar-2021-der-damas-alemanas\\\/#primaryimage\"},\"thumbnailUrl\":\"https:\\\/\\\/damasalemanas.de\\\/wp-content\\\/uploads\\\/2021\\\/10\\\/Weihnachtsbasar-2021-Titelbild.jpg\",\"datePublished\":\"2021-10-22T00:32:20+00:00\",\"dateModified\":\"2021-11-16T02:34:31+00:00\",\"description\":\"In diesem Jahr findet wieder der allj\u00e4hrliche Weihnachtsbasar der Damas Alemanas statt. Am 27.11.2021 freuen wir uns auf Ihren Besuch.\",\"breadcrumb\":{\"@id\":\"https:\\\/\\\/damasalemanas.de\\\/weihnachtsbasar-2021-der-damas-alemanas\\\/#breadcrumb\"},\"inLanguage\":\"es\",\"potentialAction\":[{\"@type\":\"ReadAction\",\"target\":[\"https:\\\/\\\/damasalemanas.de\\\/weihnachtsbasar-2021-der-damas-alemanas\\\/\"]}]},{\"@type\":\"ImageObject\",\"inLanguage\":\"es\",\"@id\":\"https:\\\/\\\/damasalemanas.de\\\/weihnachtsbasar-2021-der-damas-alemanas\\\/#primaryimage\",\"url\":\"https:\\\/\\\/damasalemanas.de\\\/wp-content\\\/uploads\\\/2021\\\/10\\\/Weihnachtsbasar-2021-Titelbild.jpg\",\"contentUrl\":\"https:\\\/\\\/damasalemanas.de\\\/wp-content\\\/uploads\\\/2021\\\/10\\\/Weihnachtsbasar-2021-Titelbild.jpg\",\"width\":1920,\"height\":1080,\"caption\":\"Der Weihnachtsbasar der Damas Alemanas findet statt am 27.11.2021\"},{\"@type\":\"BreadcrumbList\",\"@id\":\"https:\\\/\\\/damasalemanas.de\\\/weihnachtsbasar-2021-der-damas-alemanas\\\/#breadcrumb\",\"itemListElement\":[{\"@type\":\"ListItem\",\"position\":1,\"name\":\"Startseite\",\"item\":\"https:\\\/\\\/damasalemanas.de\\\/\"},{\"@type\":\"ListItem\",\"position\":2,\"name\":\"Weihnachtsbasar 2021 der Damas Alemanas\"}]},{\"@type\":\"WebSite\",\"@id\":\"https:\\\/\\\/damasalemanas.de\\\/#website\",\"url\":\"https:\\\/\\\/damasalemanas.de\\\/\",\"name\":\"Damas Alemanas Ecuador\",\"description\":\"\",\"publisher\":{\"@id\":\"https:\\\/\\\/damasalemanas.de\\\/#organization\"},\"potentialAction\":[{\"@type\":\"SearchAction\",\"target\":{\"@type\":\"EntryPoint\",\"urlTemplate\":\"https:\\\/\\\/damasalemanas.de\\\/?s={search_term_string}\"},\"query-input\":{\"@type\":\"PropertyValueSpecification\",\"valueRequired\":true,\"valueName\":\"search_term_string\"}}],\"inLanguage\":\"es\"},{\"@type\":\"Organization\",\"@id\":\"https:\\\/\\\/damasalemanas.de\\\/#organization\",\"name\":\"Damas Alemanas Ecuador\",\"url\":\"https:\\\/\\\/damasalemanas.de\\\/\",\"logo\":{\"@type\":\"ImageObject\",\"inLanguage\":\"es\",\"@id\":\"https:\\\/\\\/damasalemanas.de\\\/#\\\/schema\\\/logo\\\/image\\\/\",\"url\":\"https:\\\/\\\/damasalemanas.de\\\/wp-content\\\/uploads\\\/2020\\\/10\\\/cropped-Logo-Damas-Alemanas-1.png\",\"contentUrl\":\"https:\\\/\\\/damasalemanas.de\\\/wp-content\\\/uploads\\\/2020\\\/10\\\/cropped-Logo-Damas-Alemanas-1.png\",\"width\":487,\"height\":260,\"caption\":\"Damas Alemanas Ecuador\"},\"image\":{\"@id\":\"https:\\\/\\\/damasalemanas.de\\\/#\\\/schema\\\/logo\\\/image\\\/\"}},{\"@type\":\"Person\",\"@id\":\"https:\\\/\\\/damasalemanas.de\\\/#\\\/schema\\\/person\\\/2121e65a3b20e7731d80d5f06921e536\",\"name\":\"admin\",\"image\":{\"@type\":\"ImageObject\",\"inLanguage\":\"es\",\"@id\":\"https:\\\/\\\/secure.gravatar.com\\\/avatar\\\/156e7b31ea9a70fc0b219ffacd7910c2f6c6075e41ada4bcc0bcb57178704e34?s=96&d=blank&r=g\",\"url\":\"https:\\\/\\\/secure.gravatar.com\\\/avatar\\\/156e7b31ea9a70fc0b219ffacd7910c2f6c6075e41ada4bcc0bcb57178704e34?s=96&d=blank&r=g\",\"contentUrl\":\"https:\\\/\\\/secure.gravatar.com\\\/avatar\\\/156e7b31ea9a70fc0b219ffacd7910c2f6c6075e41ada4bcc0bcb57178704e34?s=96&d=blank&r=g\",\"caption\":\"admin\"},\"sameAs\":[\"https:\\\/\\\/damasalemanas.de\"],\"url\":\"https:\\\/\\\/damasalemanas.de\\\/esp\\\/author\\\/admin\\\/\"}]}<\/script>\n<!-- \/ Yoast SEO plugin. -->","yoast_head_json":{"title":"Weihnachtsbasar 2021 der Damas Alemanas am 27.11.2021","description":"In diesem Jahr findet wieder der allj\u00e4hrliche Weihnachtsbasar der Damas Alemanas statt. Am 27.11.2021 freuen wir uns auf Ihren Besuch.","robots":{"index":"index","follow":"follow","max-snippet":"max-snippet:-1","max-image-preview":"max-image-preview:large","max-video-preview":"max-video-preview:-1"},"canonical":"https:\/\/damasalemanas.de\/esp\/weihnachtsbasar-2021-der-damas-alemanas\/","og_locale":"es_ES","og_type":"article","og_title":"Weihnachtsbasar 2021 der Damas Alemanas am 27.11.2021","og_description":"In diesem Jahr findet wieder der allj\u00e4hrliche Weihnachtsbasar der Damas Alemanas statt. Am 27.11.2021 freuen wir uns auf Ihren Besuch.","og_url":"https:\/\/damasalemanas.de\/esp\/weihnachtsbasar-2021-der-damas-alemanas\/","og_site_name":"Damas Alemanas Ecuador","article_published_time":"2021-10-22T00:32:20+00:00","article_modified_time":"2021-11-16T02:34:31+00:00","og_image":[{"width":1920,"height":1080,"url":"https:\/\/damasalemanas.de\/wp-content\/uploads\/2021\/10\/Weihnachtsbasar-2021-Titelbild.jpg","type":"image\/jpeg"}],"author":"admin","twitter_card":"summary_large_image","schema":{"@context":"https:\/\/schema.org","@graph":[{"@type":"Article","@id":"https:\/\/damasalemanas.de\/weihnachtsbasar-2021-der-damas-alemanas\/#article","isPartOf":{"@id":"https:\/\/damasalemanas.de\/weihnachtsbasar-2021-der-damas-alemanas\/"},"author":{"name":"admin","@id":"https:\/\/damasalemanas.de\/#\/schema\/person\/2121e65a3b20e7731d80d5f06921e536"},"headline":"Weihnachtsbasar 2021 der Damas Alemanas","datePublished":"2021-10-22T00:32:20+00:00","dateModified":"2021-11-16T02:34:31+00:00","mainEntityOfPage":{"@id":"https:\/\/damasalemanas.de\/weihnachtsbasar-2021-der-damas-alemanas\/"},"wordCount":110,"commentCount":2,"publisher":{"@id":"https:\/\/damasalemanas.de\/#organization"},"image":{"@id":"https:\/\/damasalemanas.de\/weihnachtsbasar-2021-der-damas-alemanas\/#primaryimage"},"thumbnailUrl":"https:\/\/damasalemanas.de\/wp-content\/uploads\/2021\/10\/Weihnachtsbasar-2021-Titelbild.jpg","articleSection":["Allgemein"],"inLanguage":"es","potentialAction":[{"@type":"CommentAction","name":"Comment","target":["https:\/\/damasalemanas.de\/weihnachtsbasar-2021-der-damas-alemanas\/#respond"]}]},{"@type":"WebPage","@id":"https:\/\/damasalemanas.de\/weihnachtsbasar-2021-der-damas-alemanas\/","url":"https:\/\/damasalemanas.de\/weihnachtsbasar-2021-der-damas-alemanas\/","name":"Weihnachtsbasar 2021 der Damas Alemanas am 27.11.2021","isPartOf":{"@id":"https:\/\/damasalemanas.de\/#website"},"primaryImageOfPage":{"@id":"https:\/\/damasalemanas.de\/weihnachtsbasar-2021-der-damas-alemanas\/#primaryimage"},"image":{"@id":"https:\/\/damasalemanas.de\/weihnachtsbasar-2021-der-damas-alemanas\/#primaryimage"},"thumbnailUrl":"https:\/\/damasalemanas.de\/wp-content\/uploads\/2021\/10\/Weihnachtsbasar-2021-Titelbild.jpg","datePublished":"2021-10-22T00:32:20+00:00","dateModified":"2021-11-16T02:34:31+00:00","description":"In diesem Jahr findet wieder der allj\u00e4hrliche Weihnachtsbasar der Damas Alemanas statt. Am 27.11.2021 freuen wir uns auf Ihren Besuch.","breadcrumb":{"@id":"https:\/\/damasalemanas.de\/weihnachtsbasar-2021-der-damas-alemanas\/#breadcrumb"},"inLanguage":"es","potentialAction":[{"@type":"ReadAction","target":["https:\/\/damasalemanas.de\/weihnachtsbasar-2021-der-damas-alemanas\/"]}]},{"@type":"ImageObject","inLanguage":"es","@id":"https:\/\/damasalemanas.de\/weihnachtsbasar-2021-der-damas-alemanas\/#primaryimage","url":"https:\/\/damasalemanas.de\/wp-content\/uploads\/2021\/10\/Weihnachtsbasar-2021-Titelbild.jpg","contentUrl":"https:\/\/damasalemanas.de\/wp-content\/uploads\/2021\/10\/Weihnachtsbasar-2021-Titelbild.jpg","width":1920,"height":1080,"caption":"Der Weihnachtsbasar der Damas Alemanas findet statt am 27.11.2021"},{"@type":"BreadcrumbList","@id":"https:\/\/damasalemanas.de\/weihnachtsbasar-2021-der-damas-alemanas\/#breadcrumb","itemListElement":[{"@type":"ListItem","position":1,"name":"Startseite","item":"https:\/\/damasalemanas.de\/"},{"@type":"ListItem","position":2,"name":"Weihnachtsbasar 2021 der Damas Alemanas"}]},{"@type":"WebSite","@id":"https:\/\/damasalemanas.de\/#website","url":"https:\/\/damasalemanas.de\/","name":"Damas Alemanas Ecuador","description":"","publisher":{"@id":"https:\/\/damasalemanas.de\/#organization"},"potentialAction":[{"@type":"SearchAction","target":{"@type":"EntryPoint","urlTemplate":"https:\/\/damasalemanas.de\/?s={search_term_string}"},"query-input":{"@type":"PropertyValueSpecification","valueRequired":true,"valueName":"search_term_string"}}],"inLanguage":"es"},{"@type":"Organization","@id":"https:\/\/damasalemanas.de\/#organization","name":"Damas Alemanas Ecuador","url":"https:\/\/damasalemanas.de\/","logo":{"@type":"ImageObject","inLanguage":"es","@id":"https:\/\/damasalemanas.de\/#\/schema\/logo\/image\/","url":"https:\/\/damasalemanas.de\/wp-content\/uploads\/2020\/10\/cropped-Logo-Damas-Alemanas-1.png","contentUrl":"https:\/\/damasalemanas.de\/wp-content\/uploads\/2020\/10\/cropped-Logo-Damas-Alemanas-1.png","width":487,"height":260,"caption":"Damas Alemanas Ecuador"},"image":{"@id":"https:\/\/damasalemanas.de\/#\/schema\/logo\/image\/"}},{"@type":"Person","@id":"https:\/\/damasalemanas.de\/#\/schema\/person\/2121e65a3b20e7731d80d5f06921e536","name":"admin","image":{"@type":"ImageObject","inLanguage":"es","@id":"https:\/\/secure.gravatar.com\/avatar\/156e7b31ea9a70fc0b219ffacd7910c2f6c6075e41ada4bcc0bcb57178704e34?s=96&d=blank&r=g","url":"https:\/\/secure.gravatar.com\/avatar\/156e7b31ea9a70fc0b219ffacd7910c2f6c6075e41ada4bcc0bcb57178704e34?s=96&d=blank&r=g","contentUrl":"https:\/\/secure.gravatar.com\/avatar\/156e7b31ea9a70fc0b219ffacd7910c2f6c6075e41ada4bcc0bcb57178704e34?s=96&d=blank&r=g","caption":"admin"},"sameAs":["https:\/\/damasalemanas.de"],"url":"https:\/\/damasalemanas.de\/esp\/author\/admin\/"}]}},"_links":{"self":[{"href":"https:\/\/damasalemanas.de\/esp\/wp-json\/wp\/v2\/posts\/683","targetHints":{"allow":["GET"]}}],"collection":[{"href":"https:\/\/damasalemanas.de\/esp\/wp-json\/wp\/v2\/posts"}],"about":[{"href":"https:\/\/damasalemanas.de\/esp\/wp-json\/wp\/v2\/types\/post"}],"author":[{"embeddable":true,"href":"https:\/\/damasalemanas.de\/esp\/wp-json\/wp\/v2\/users\/1"}],"replies":[{"embeddable":true,"href":"https:\/\/damasalemanas.de\/esp\/wp-json\/wp\/v2\/comments?post=683"}],"version-history":[{"count":5,"href":"https:\/\/damasalemanas.de\/esp\/wp-json\/wp\/v2\/posts\/683\/revisions"}],"predecessor-version":[{"id":749,"href":"https:\/\/damasalemanas.de\/esp\/wp-json\/wp\/v2\/posts\/683\/revisions\/749"}],"wp:featuredmedia":[{"embeddable":true,"href":"https:\/\/damasalemanas.de\/esp\/wp-json\/wp\/v2\/media\/684"}],"wp:attachment":[{"href":"https:\/\/damasalemanas.de\/esp\/wp-json\/wp\/v2\/media?parent=683"}],"wp:term":[{"taxonomy":"category","embeddable":true,"href":"https:\/\/damasalemanas.de\/esp\/wp-json\/wp\/v2\/categories?post=683"},{"taxonomy":"post_tag","embeddable":true,"href":"https:\/\/damasalemanas.de\/esp\/wp-json\/wp\/v2\/tags?post=683"}],"curies":[{"name":"wp","href":"https:\/\/api.w.org\/{rel}","templated":true}]}}