{"id":536,"date":"2021-03-03T14:40:09","date_gmt":"2021-03-03T13:40:09","guid":{"rendered":"https:\/\/damasalemanas.de\/?p=536"},"modified":"2021-03-03T14:40:12","modified_gmt":"2021-03-03T13:40:12","slug":"das-projekt-kinderhort-in-atacames","status":"publish","type":"post","link":"https:\/\/damasalemanas.de\/esp\/das-projekt-kinderhort-in-atacames\/","title":{"rendered":"Das Projekt \u201eKinderhort in Atacames\u201c"},"content":{"rendered":"<p>Unsere Projektidee entstand im M\u00e4rz 1996, als zwei Kinder in den Flammen ihrer brennenden Bambush\u00fctte in dem Fischerort Atacames an der Pazifikk\u00fcste Ecuadors umkamen. Die alleinstehende Mutter\u00a0 ging morgens zur Arbeit und schloss ihre 3 und 5 Jahre alten Kinder in ihrer H\u00fctte ein, da sie keine Betreuungsm\u00f6glichkeiten f\u00fcr die Kinder hatte. Das gr\u00f6\u00dfere der Kinder wollte eine Kerze anz\u00fcnden\u2026 Die H\u00fctte brannte lichterloh ab, bevor die Nachbarn das Vorh\u00e4ngeschloss aufbrechen konnten.<\/p>\n\n\n\n<p>Frau Carola Kn\u00e4ulein lebte zu der Zeit mit ihrem Mann in Atacames und sie beschlo\u00df aus eigenen Mitteln ein Geb\u00e4ude zur Betreuung von Kindern zu bauen. Das Grundst\u00fcck stellte die Gemeinde zweckgebunden zur Verf\u00fcgung. Der Hort konnte dann im Mai 1997 als rein privates Projekt mit 15 Kindern und 3 M\u00fcttern als Betreuerinnen er\u00f6ffnen. Seitdem ist der Kinderhort ganzj\u00e4hrig Montag bis Freitag von 8 bis 16 Uhr kostenlos f\u00fcr die Kinder da. Sie bekommen ein Fr\u00fchst\u00fcck, ein Mittagessen und am Nachmittag einen Snack. Sie finden hier einen geeigneten Rahmen zum angeleiteten Spielen und Lernen.<\/p>\n\n\n\n<figure class=\"wp-block-image size-large\"><img loading=\"lazy\" decoding=\"async\" width=\"1024\" height=\"576\" src=\"https:\/\/damasalemanas.de\/wp-content\/uploads\/2021\/03\/Kinderhort-Atacames-01-Verteilung-von-Lebensmitteln-Nov20_by-Carola-Knaeulein-1024x576.jpg\" alt=\"Verteilung von Lebensmitteln im November 2020. Foto \u00a9 Carola Kn\u00e4ulein\" class=\"wp-image-537\" srcset=\"https:\/\/damasalemanas.de\/wp-content\/uploads\/2021\/03\/Kinderhort-Atacames-01-Verteilung-von-Lebensmitteln-Nov20_by-Carola-Knaeulein-1024x576.jpg 1024w, https:\/\/damasalemanas.de\/wp-content\/uploads\/2021\/03\/Kinderhort-Atacames-01-Verteilung-von-Lebensmitteln-Nov20_by-Carola-Knaeulein-300x169.jpg 300w, https:\/\/damasalemanas.de\/wp-content\/uploads\/2021\/03\/Kinderhort-Atacames-01-Verteilung-von-Lebensmitteln-Nov20_by-Carola-Knaeulein-768x432.jpg 768w, https:\/\/damasalemanas.de\/wp-content\/uploads\/2021\/03\/Kinderhort-Atacames-01-Verteilung-von-Lebensmitteln-Nov20_by-Carola-Knaeulein-1200x675.jpg 1200w, https:\/\/damasalemanas.de\/wp-content\/uploads\/2021\/03\/Kinderhort-Atacames-01-Verteilung-von-Lebensmitteln-Nov20_by-Carola-Knaeulein.jpg 1280w\" sizes=\"auto, (max-width: 1024px) 100vw, 1024px\" \/><figcaption>Verteilung von Lebensmitteln im November 2020. Foto \u00a9 Carola Kn\u00e4ulein<\/figcaption><\/figure>\n\n\n\n<p>Inzwischen k\u00fcmmern sich zwei Mitarbeiterinnen und die Hortleiterin Marisol sowie immer wieder Praktikantinnen um die Betreuung der Kinder und um die K\u00fcche. Carola leitet den Hort aus dem Hintergrund und k\u00fcmmert sich um \u00c4mter und Organisation. Der Kinderhort erh\u00e4lt j\u00e4hrlich, nach eingehender staatlicher Kontrolle, eine Erlaubnis mit Kindern bis zum 4. Lebensjahr als Centro de Desarollo Infantil CDI (Zentrum f\u00fcr Fr\u00fchkindliche Entwicklung) zu arbeiten. Ab dann kommen alle Kinder in eine staatliche oder private Vorschule.\u00a0<\/p>\n\n\n\n<p>Nachdem Carola in den ersten 10 Jahren den gesamten Betrieb aus eigenen Mitteln und mit Hilfe von Spenden aus dem Freundeskreis finanzierte, gr\u00fcndete sie 2006 in Deutschland den \u201eVerein zur Unterst\u00fctzung des Kinderhortes in Atacames \/ Ecuador e.V.\u201c, um dem Projekt eine zuverl\u00e4ssigere und l\u00e4ngerfristige materielle Basis zu geben. 2013 entstand in Ecuador mit Carolas Initiative die Stiftung \u201eAyuda a la Infancia Atacames Alemania\u201c, die hier den gesetzlichen R\u00fcckhalt bildet und die Liegenschaft bleibt damit zweckgebunden.<\/p>\n\n\n\n<p>Seit 2006 finanziert der Verein den Betrieb des Kinderhortes, die notwendigen Instandhaltungen und Erweiterungen zu 100%. Die hierf\u00fcr notwendigen Spenden kommen von den Beitr\u00e4gen der Vereinsmitglieder, von Einzelspendern, Patenschaften und von Aktionen wie Kuchen-, Waffel- oder Cr\u00eapesverk\u00e4ufen sowie Benefizkonzerten. Einen wichtigen Beitrag leistet seit Jahren das Hochrheingymnasium Waldshut, bei dem der Kinderhort Schulprojekt ist.<\/p>\n\n\n\n<figure class=\"wp-block-image size-large\"><img loading=\"lazy\" decoding=\"async\" width=\"720\" height=\"720\" src=\"https:\/\/damasalemanas.de\/wp-content\/uploads\/2021\/03\/Kinderhort-Atacames-Bastelnde-Kinder_by-Carola-Knaeulein.jpg\" alt=\"Bastelnde Kinder im Kinderhort in Atacames. Foto \u00a9 Carola Kn\u00e4ulein\" class=\"wp-image-539\" srcset=\"https:\/\/damasalemanas.de\/wp-content\/uploads\/2021\/03\/Kinderhort-Atacames-Bastelnde-Kinder_by-Carola-Knaeulein.jpg 720w, https:\/\/damasalemanas.de\/wp-content\/uploads\/2021\/03\/Kinderhort-Atacames-Bastelnde-Kinder_by-Carola-Knaeulein-300x300.jpg 300w, https:\/\/damasalemanas.de\/wp-content\/uploads\/2021\/03\/Kinderhort-Atacames-Bastelnde-Kinder_by-Carola-Knaeulein-150x150.jpg 150w\" sizes=\"auto, (max-width: 720px) 100vw, 720px\" \/><figcaption>Bastelnde Kinder im Kinderhort in Atacames. Foto \u00a9 Carola Kn\u00e4ulein<\/figcaption><\/figure>\n\n\n\n<p>Aktuell ist der Kinderhort pandemiebedingt seit dem 12.03.2020 geschlossen. Der Verein finanziert weiterhin 75 % der Geh\u00e4lter unserer Betreuerinnen, die den Kinderhort instand halten, die Kinder zum Teil zu Hause besuchen und f\u00fcr die w\u00f6chentliche \u00dcbergabe der Lebensmittel von zurzeit 15 Familien verantwortlich sind. Nach dem coronabedingten Wegfall des Tourismus in Atacames verloren viele Menschen ihre Arbeit, besonders einkommensschwache Familien wie unsere alleinerziehende M\u00fctter, Familien aus Venezuela und Kolumbien. Carola organisierte im April eine Spendenaktion unter ihren deutschen Freunden und seit Mai 2020 sind wir in der Lage zuerst 15, dann 21 bis zu 30 Familien mit einem Paket an Lebensmitteln f\u00fcr 20 $, das eine drei-vierk\u00f6pfigen Familie mit dem Lebensnotwendigsten versorgt zu finanzieren. Im Moment unterst\u00fctzen wir 15 Familien, die definitiv keine Aussicht auf eine kurzfristige Besserung ihrer Situation haben.<\/p>\n\n\n\n<p>La \u201eSociedad de las Damas Alemanas\u201d hilft uns einmal monatlich mit dem Gegenwert von 15 Kits. (300 USD +10 USD Transportkosten), wof\u00fcr wir sehr dankbar sind. N\u00e4here Informationen zum Projekt und der Spendenaktion unter: <br><br><a href=\"http:\/\/www.kinderhort-atacames.org\" target=\"_blank\" rel=\"noreferrer noopener\">www.kinderhort-atacames.org<\/a><br>per E-Mail: Carola.Knaulein @ gmx.net<br><br>in Deutschland:<br><br><strong>Verein zur Unterst\u00fctzung des Kinderhorts<br>in Atacames\/Ecuador e. V.<\/strong><br>Kontakt: Frau Siggi Kaiser<br>Kreuz\u00e4cker 2<br>DE 79809 Weilheim<br>Tel. : +49 (0)7741 2505<\/p>\n\n\n\n<p> <a href=\"\/esp\/helfen\/\">Auch Sie k\u00f6nnen helfen \u00fcber unsere Spenden-Seite<\/a>.<\/p>\n\n\n\n<p><em>Cumbay\u00e1, Ecuador \u2013 03.03.2021, 08:36 Uhr \u2013 Carola Kn\u00e4ulein<\/em><\/p>","protected":false},"excerpt":{"rendered":"<p>Unsere Projektidee entstand im M\u00e4rz 1996, als zwei Kinder in den Flammen ihrer brennenden Bambush\u00fctte in dem Fischerort Atacames an der Pazifikk\u00fcste Ecuadors umkamen. Die alleinstehende Mutter\u00a0 ging morgens zur Arbeit und schloss ihre 3 und 5 Jahre alten Kinder in ihrer H\u00fctte ein, da sie keine Betreuungsm\u00f6glichkeiten f\u00fcr die Kinder hatte. Das gr\u00f6\u00dfere der [&hellip;]<\/p>","protected":false},"author":1,"featured_media":538,"comment_status":"open","ping_status":"open","sticky":false,"template":"","format":"standard","meta":{"footnotes":""},"categories":[1,13,8],"tags":[],"class_list":["post-536","post","type-post","status-publish","format-standard","has-post-thumbnail","hentry","category-allgemein","category-nahrungsmittelhilfe","category-projekte"],"yoast_head":"<!-- This site is optimized with the Yoast SEO plugin v27.5 - https:\/\/yoast.com\/product\/yoast-seo-wordpress\/ -->\n<title>Kinderhort in Atacames, Ecuador \u2013 Ein Projekt der Damas Alemanas<\/title>\n<meta name=\"description\" content=\"Die Damas Alemanas unterst\u00fctzen einen Kinderhort in Atacames, Ecuador. Das Projekt betreut Carola Kn\u00e4ulein.\" \/>\n<meta name=\"robots\" content=\"index, follow, max-snippet:-1, max-image-preview:large, max-video-preview:-1\" \/>\n<link rel=\"canonical\" href=\"https:\/\/damasalemanas.de\/esp\/das-projekt-kinderhort-in-atacames\/\" \/>\n<meta property=\"og:locale\" content=\"es_ES\" \/>\n<meta property=\"og:type\" content=\"article\" \/>\n<meta property=\"og:title\" content=\"Kinderhort in Atacames, Ecuador \u2013 Ein Projekt der Damas Alemanas\" \/>\n<meta property=\"og:description\" content=\"Die Damas Alemanas unterst\u00fctzen einen Kinderhort in Atacames, Ecuador. Das Projekt betreut Carola Kn\u00e4ulein.\" \/>\n<meta property=\"og:url\" content=\"https:\/\/damasalemanas.de\/esp\/das-projekt-kinderhort-in-atacames\/\" \/>\n<meta property=\"og:site_name\" content=\"Damas Alemanas Ecuador\" \/>\n<meta property=\"article:published_time\" content=\"2021-03-03T13:40:09+00:00\" \/>\n<meta property=\"article:modified_time\" content=\"2021-03-03T13:40:12+00:00\" \/>\n<meta property=\"og:image\" content=\"https:\/\/damasalemanas.de\/wp-content\/uploads\/2021\/03\/Kinderhort-Atacames-02-Spass-auf-dem-aussengelaende__by-Carola-Knaeulein.jpg\" \/>\n\t<meta property=\"og:image:width\" content=\"1280\" \/>\n\t<meta property=\"og:image:height\" content=\"720\" \/>\n\t<meta property=\"og:image:type\" content=\"image\/jpeg\" \/>\n<meta name=\"author\" content=\"admin\" \/>\n<meta name=\"twitter:card\" content=\"summary_large_image\" \/>\n<script type=\"application\/ld+json\" class=\"yoast-schema-graph\">{\"@context\":\"https:\\\/\\\/schema.org\",\"@graph\":[{\"@type\":\"Article\",\"@id\":\"https:\\\/\\\/damasalemanas.de\\\/esp\\\/das-projekt-kinderhort-in-atacames\\\/#article\",\"isPartOf\":{\"@id\":\"https:\\\/\\\/damasalemanas.de\\\/esp\\\/das-projekt-kinderhort-in-atacames\\\/\"},\"author\":{\"name\":\"admin\",\"@id\":\"https:\\\/\\\/damasalemanas.de\\\/#\\\/schema\\\/person\\\/2121e65a3b20e7731d80d5f06921e536\"},\"headline\":\"Das Projekt \u201eKinderhort in Atacames\u201c\",\"datePublished\":\"2021-03-03T13:40:09+00:00\",\"dateModified\":\"2021-03-03T13:40:12+00:00\",\"mainEntityOfPage\":{\"@id\":\"https:\\\/\\\/damasalemanas.de\\\/esp\\\/das-projekt-kinderhort-in-atacames\\\/\"},\"wordCount\":619,\"commentCount\":0,\"publisher\":{\"@id\":\"https:\\\/\\\/damasalemanas.de\\\/#organization\"},\"image\":{\"@id\":\"https:\\\/\\\/damasalemanas.de\\\/esp\\\/das-projekt-kinderhort-in-atacames\\\/#primaryimage\"},\"thumbnailUrl\":\"https:\\\/\\\/damasalemanas.de\\\/wp-content\\\/uploads\\\/2021\\\/03\\\/Kinderhort-Atacames-02-Spass-auf-dem-aussengelaende__by-Carola-Knaeulein.jpg\",\"articleSection\":[\"Allgemein\",\"Nahrungsmittelhilfe\",\"Projekte\"],\"inLanguage\":\"es\",\"potentialAction\":[{\"@type\":\"CommentAction\",\"name\":\"Comment\",\"target\":[\"https:\\\/\\\/damasalemanas.de\\\/esp\\\/das-projekt-kinderhort-in-atacames\\\/#respond\"]}]},{\"@type\":\"WebPage\",\"@id\":\"https:\\\/\\\/damasalemanas.de\\\/esp\\\/das-projekt-kinderhort-in-atacames\\\/\",\"url\":\"https:\\\/\\\/damasalemanas.de\\\/esp\\\/das-projekt-kinderhort-in-atacames\\\/\",\"name\":\"Kinderhort in Atacames, Ecuador \u2013 Ein Projekt der Damas Alemanas\",\"isPartOf\":{\"@id\":\"https:\\\/\\\/damasalemanas.de\\\/#website\"},\"primaryImageOfPage\":{\"@id\":\"https:\\\/\\\/damasalemanas.de\\\/esp\\\/das-projekt-kinderhort-in-atacames\\\/#primaryimage\"},\"image\":{\"@id\":\"https:\\\/\\\/damasalemanas.de\\\/esp\\\/das-projekt-kinderhort-in-atacames\\\/#primaryimage\"},\"thumbnailUrl\":\"https:\\\/\\\/damasalemanas.de\\\/wp-content\\\/uploads\\\/2021\\\/03\\\/Kinderhort-Atacames-02-Spass-auf-dem-aussengelaende__by-Carola-Knaeulein.jpg\",\"datePublished\":\"2021-03-03T13:40:09+00:00\",\"dateModified\":\"2021-03-03T13:40:12+00:00\",\"description\":\"Die Damas Alemanas unterst\u00fctzen einen Kinderhort in Atacames, Ecuador. Das Projekt betreut Carola Kn\u00e4ulein.\",\"breadcrumb\":{\"@id\":\"https:\\\/\\\/damasalemanas.de\\\/esp\\\/das-projekt-kinderhort-in-atacames\\\/#breadcrumb\"},\"inLanguage\":\"es\",\"potentialAction\":[{\"@type\":\"ReadAction\",\"target\":[\"https:\\\/\\\/damasalemanas.de\\\/esp\\\/das-projekt-kinderhort-in-atacames\\\/\"]}]},{\"@type\":\"ImageObject\",\"inLanguage\":\"es\",\"@id\":\"https:\\\/\\\/damasalemanas.de\\\/esp\\\/das-projekt-kinderhort-in-atacames\\\/#primaryimage\",\"url\":\"https:\\\/\\\/damasalemanas.de\\\/wp-content\\\/uploads\\\/2021\\\/03\\\/Kinderhort-Atacames-02-Spass-auf-dem-aussengelaende__by-Carola-Knaeulein.jpg\",\"contentUrl\":\"https:\\\/\\\/damasalemanas.de\\\/wp-content\\\/uploads\\\/2021\\\/03\\\/Kinderhort-Atacames-02-Spass-auf-dem-aussengelaende__by-Carola-Knaeulein.jpg\",\"width\":1280,\"height\":720,\"caption\":\"Auf dem Au\u00dfengel\u00e4nde im Kinderhort haben die Kinder viel Spa\u00df. Foto \u00a9 Carola Kn\u00e4ulein\"},{\"@type\":\"BreadcrumbList\",\"@id\":\"https:\\\/\\\/damasalemanas.de\\\/esp\\\/das-projekt-kinderhort-in-atacames\\\/#breadcrumb\",\"itemListElement\":[{\"@type\":\"ListItem\",\"position\":1,\"name\":\"Startseite\",\"item\":\"https:\\\/\\\/damasalemanas.de\\\/\"},{\"@type\":\"ListItem\",\"position\":2,\"name\":\"Das Projekt \u201eKinderhort in Atacames\u201c\"}]},{\"@type\":\"WebSite\",\"@id\":\"https:\\\/\\\/damasalemanas.de\\\/#website\",\"url\":\"https:\\\/\\\/damasalemanas.de\\\/\",\"name\":\"Damas Alemanas Ecuador\",\"description\":\"\",\"publisher\":{\"@id\":\"https:\\\/\\\/damasalemanas.de\\\/#organization\"},\"potentialAction\":[{\"@type\":\"SearchAction\",\"target\":{\"@type\":\"EntryPoint\",\"urlTemplate\":\"https:\\\/\\\/damasalemanas.de\\\/?s={search_term_string}\"},\"query-input\":{\"@type\":\"PropertyValueSpecification\",\"valueRequired\":true,\"valueName\":\"search_term_string\"}}],\"inLanguage\":\"es\"},{\"@type\":\"Organization\",\"@id\":\"https:\\\/\\\/damasalemanas.de\\\/#organization\",\"name\":\"Damas Alemanas Ecuador\",\"url\":\"https:\\\/\\\/damasalemanas.de\\\/\",\"logo\":{\"@type\":\"ImageObject\",\"inLanguage\":\"es\",\"@id\":\"https:\\\/\\\/damasalemanas.de\\\/#\\\/schema\\\/logo\\\/image\\\/\",\"url\":\"https:\\\/\\\/damasalemanas.de\\\/wp-content\\\/uploads\\\/2020\\\/10\\\/cropped-Logo-Damas-Alemanas-1.png\",\"contentUrl\":\"https:\\\/\\\/damasalemanas.de\\\/wp-content\\\/uploads\\\/2020\\\/10\\\/cropped-Logo-Damas-Alemanas-1.png\",\"width\":487,\"height\":260,\"caption\":\"Damas Alemanas Ecuador\"},\"image\":{\"@id\":\"https:\\\/\\\/damasalemanas.de\\\/#\\\/schema\\\/logo\\\/image\\\/\"}},{\"@type\":\"Person\",\"@id\":\"https:\\\/\\\/damasalemanas.de\\\/#\\\/schema\\\/person\\\/2121e65a3b20e7731d80d5f06921e536\",\"name\":\"admin\",\"image\":{\"@type\":\"ImageObject\",\"inLanguage\":\"es\",\"@id\":\"https:\\\/\\\/secure.gravatar.com\\\/avatar\\\/156e7b31ea9a70fc0b219ffacd7910c2f6c6075e41ada4bcc0bcb57178704e34?s=96&d=blank&r=g\",\"url\":\"https:\\\/\\\/secure.gravatar.com\\\/avatar\\\/156e7b31ea9a70fc0b219ffacd7910c2f6c6075e41ada4bcc0bcb57178704e34?s=96&d=blank&r=g\",\"contentUrl\":\"https:\\\/\\\/secure.gravatar.com\\\/avatar\\\/156e7b31ea9a70fc0b219ffacd7910c2f6c6075e41ada4bcc0bcb57178704e34?s=96&d=blank&r=g\",\"caption\":\"admin\"},\"sameAs\":[\"https:\\\/\\\/damasalemanas.de\"],\"url\":\"https:\\\/\\\/damasalemanas.de\\\/esp\\\/author\\\/admin\\\/\"}]}<\/script>\n<!-- \/ Yoast SEO plugin. -->","yoast_head_json":{"title":"Kinderhort in Atacames, Ecuador \u2013 Ein Projekt der Damas Alemanas","description":"Die Damas Alemanas unterst\u00fctzen einen Kinderhort in Atacames, Ecuador. Das Projekt betreut Carola Kn\u00e4ulein.","robots":{"index":"index","follow":"follow","max-snippet":"max-snippet:-1","max-image-preview":"max-image-preview:large","max-video-preview":"max-video-preview:-1"},"canonical":"https:\/\/damasalemanas.de\/esp\/das-projekt-kinderhort-in-atacames\/","og_locale":"es_ES","og_type":"article","og_title":"Kinderhort in Atacames, Ecuador \u2013 Ein Projekt der Damas Alemanas","og_description":"Die Damas Alemanas unterst\u00fctzen einen Kinderhort in Atacames, Ecuador. Das Projekt betreut Carola Kn\u00e4ulein.","og_url":"https:\/\/damasalemanas.de\/esp\/das-projekt-kinderhort-in-atacames\/","og_site_name":"Damas Alemanas Ecuador","article_published_time":"2021-03-03T13:40:09+00:00","article_modified_time":"2021-03-03T13:40:12+00:00","og_image":[{"width":1280,"height":720,"url":"https:\/\/damasalemanas.de\/wp-content\/uploads\/2021\/03\/Kinderhort-Atacames-02-Spass-auf-dem-aussengelaende__by-Carola-Knaeulein.jpg","type":"image\/jpeg"}],"author":"admin","twitter_card":"summary_large_image","schema":{"@context":"https:\/\/schema.org","@graph":[{"@type":"Article","@id":"https:\/\/damasalemanas.de\/esp\/das-projekt-kinderhort-in-atacames\/#article","isPartOf":{"@id":"https:\/\/damasalemanas.de\/esp\/das-projekt-kinderhort-in-atacames\/"},"author":{"name":"admin","@id":"https:\/\/damasalemanas.de\/#\/schema\/person\/2121e65a3b20e7731d80d5f06921e536"},"headline":"Das Projekt \u201eKinderhort in Atacames\u201c","datePublished":"2021-03-03T13:40:09+00:00","dateModified":"2021-03-03T13:40:12+00:00","mainEntityOfPage":{"@id":"https:\/\/damasalemanas.de\/esp\/das-projekt-kinderhort-in-atacames\/"},"wordCount":619,"commentCount":0,"publisher":{"@id":"https:\/\/damasalemanas.de\/#organization"},"image":{"@id":"https:\/\/damasalemanas.de\/esp\/das-projekt-kinderhort-in-atacames\/#primaryimage"},"thumbnailUrl":"https:\/\/damasalemanas.de\/wp-content\/uploads\/2021\/03\/Kinderhort-Atacames-02-Spass-auf-dem-aussengelaende__by-Carola-Knaeulein.jpg","articleSection":["Allgemein","Nahrungsmittelhilfe","Projekte"],"inLanguage":"es","potentialAction":[{"@type":"CommentAction","name":"Comment","target":["https:\/\/damasalemanas.de\/esp\/das-projekt-kinderhort-in-atacames\/#respond"]}]},{"@type":"WebPage","@id":"https:\/\/damasalemanas.de\/esp\/das-projekt-kinderhort-in-atacames\/","url":"https:\/\/damasalemanas.de\/esp\/das-projekt-kinderhort-in-atacames\/","name":"Kinderhort in Atacames, Ecuador \u2013 Ein Projekt der Damas Alemanas","isPartOf":{"@id":"https:\/\/damasalemanas.de\/#website"},"primaryImageOfPage":{"@id":"https:\/\/damasalemanas.de\/esp\/das-projekt-kinderhort-in-atacames\/#primaryimage"},"image":{"@id":"https:\/\/damasalemanas.de\/esp\/das-projekt-kinderhort-in-atacames\/#primaryimage"},"thumbnailUrl":"https:\/\/damasalemanas.de\/wp-content\/uploads\/2021\/03\/Kinderhort-Atacames-02-Spass-auf-dem-aussengelaende__by-Carola-Knaeulein.jpg","datePublished":"2021-03-03T13:40:09+00:00","dateModified":"2021-03-03T13:40:12+00:00","description":"Die Damas Alemanas unterst\u00fctzen einen Kinderhort in Atacames, Ecuador. Das Projekt betreut Carola Kn\u00e4ulein.","breadcrumb":{"@id":"https:\/\/damasalemanas.de\/esp\/das-projekt-kinderhort-in-atacames\/#breadcrumb"},"inLanguage":"es","potentialAction":[{"@type":"ReadAction","target":["https:\/\/damasalemanas.de\/esp\/das-projekt-kinderhort-in-atacames\/"]}]},{"@type":"ImageObject","inLanguage":"es","@id":"https:\/\/damasalemanas.de\/esp\/das-projekt-kinderhort-in-atacames\/#primaryimage","url":"https:\/\/damasalemanas.de\/wp-content\/uploads\/2021\/03\/Kinderhort-Atacames-02-Spass-auf-dem-aussengelaende__by-Carola-Knaeulein.jpg","contentUrl":"https:\/\/damasalemanas.de\/wp-content\/uploads\/2021\/03\/Kinderhort-Atacames-02-Spass-auf-dem-aussengelaende__by-Carola-Knaeulein.jpg","width":1280,"height":720,"caption":"Auf dem Au\u00dfengel\u00e4nde im Kinderhort haben die Kinder viel Spa\u00df. Foto \u00a9 Carola Kn\u00e4ulein"},{"@type":"BreadcrumbList","@id":"https:\/\/damasalemanas.de\/esp\/das-projekt-kinderhort-in-atacames\/#breadcrumb","itemListElement":[{"@type":"ListItem","position":1,"name":"Startseite","item":"https:\/\/damasalemanas.de\/"},{"@type":"ListItem","position":2,"name":"Das Projekt \u201eKinderhort in Atacames\u201c"}]},{"@type":"WebSite","@id":"https:\/\/damasalemanas.de\/#website","url":"https:\/\/damasalemanas.de\/","name":"Damas Alemanas Ecuador","description":"","publisher":{"@id":"https:\/\/damasalemanas.de\/#organization"},"potentialAction":[{"@type":"SearchAction","target":{"@type":"EntryPoint","urlTemplate":"https:\/\/damasalemanas.de\/?s={search_term_string}"},"query-input":{"@type":"PropertyValueSpecification","valueRequired":true,"valueName":"search_term_string"}}],"inLanguage":"es"},{"@type":"Organization","@id":"https:\/\/damasalemanas.de\/#organization","name":"Damas Alemanas Ecuador","url":"https:\/\/damasalemanas.de\/","logo":{"@type":"ImageObject","inLanguage":"es","@id":"https:\/\/damasalemanas.de\/#\/schema\/logo\/image\/","url":"https:\/\/damasalemanas.de\/wp-content\/uploads\/2020\/10\/cropped-Logo-Damas-Alemanas-1.png","contentUrl":"https:\/\/damasalemanas.de\/wp-content\/uploads\/2020\/10\/cropped-Logo-Damas-Alemanas-1.png","width":487,"height":260,"caption":"Damas Alemanas Ecuador"},"image":{"@id":"https:\/\/damasalemanas.de\/#\/schema\/logo\/image\/"}},{"@type":"Person","@id":"https:\/\/damasalemanas.de\/#\/schema\/person\/2121e65a3b20e7731d80d5f06921e536","name":"admin","image":{"@type":"ImageObject","inLanguage":"es","@id":"https:\/\/secure.gravatar.com\/avatar\/156e7b31ea9a70fc0b219ffacd7910c2f6c6075e41ada4bcc0bcb57178704e34?s=96&d=blank&r=g","url":"https:\/\/secure.gravatar.com\/avatar\/156e7b31ea9a70fc0b219ffacd7910c2f6c6075e41ada4bcc0bcb57178704e34?s=96&d=blank&r=g","contentUrl":"https:\/\/secure.gravatar.com\/avatar\/156e7b31ea9a70fc0b219ffacd7910c2f6c6075e41ada4bcc0bcb57178704e34?s=96&d=blank&r=g","caption":"admin"},"sameAs":["https:\/\/damasalemanas.de"],"url":"https:\/\/damasalemanas.de\/esp\/author\/admin\/"}]}},"_links":{"self":[{"href":"https:\/\/damasalemanas.de\/esp\/wp-json\/wp\/v2\/posts\/536","targetHints":{"allow":["GET"]}}],"collection":[{"href":"https:\/\/damasalemanas.de\/esp\/wp-json\/wp\/v2\/posts"}],"about":[{"href":"https:\/\/damasalemanas.de\/esp\/wp-json\/wp\/v2\/types\/post"}],"author":[{"embeddable":true,"href":"https:\/\/damasalemanas.de\/esp\/wp-json\/wp\/v2\/users\/1"}],"replies":[{"embeddable":true,"href":"https:\/\/damasalemanas.de\/esp\/wp-json\/wp\/v2\/comments?post=536"}],"version-history":[{"count":2,"href":"https:\/\/damasalemanas.de\/esp\/wp-json\/wp\/v2\/posts\/536\/revisions"}],"predecessor-version":[{"id":541,"href":"https:\/\/damasalemanas.de\/esp\/wp-json\/wp\/v2\/posts\/536\/revisions\/541"}],"wp:featuredmedia":[{"embeddable":true,"href":"https:\/\/damasalemanas.de\/esp\/wp-json\/wp\/v2\/media\/538"}],"wp:attachment":[{"href":"https:\/\/damasalemanas.de\/esp\/wp-json\/wp\/v2\/media?parent=536"}],"wp:term":[{"taxonomy":"category","embeddable":true,"href":"https:\/\/damasalemanas.de\/esp\/wp-json\/wp\/v2\/categories?post=536"},{"taxonomy":"post_tag","embeddable":true,"href":"https:\/\/damasalemanas.de\/esp\/wp-json\/wp\/v2\/tags?post=536"}],"curies":[{"name":"wp","href":"https:\/\/api.w.org\/{rel}","templated":true}]}}