{"id":18,"date":"2020-10-12T18:53:16","date_gmt":"2020-10-12T16:53:16","guid":{"rendered":"http:\/\/damas.biebeler.com\/?p=18"},"modified":"2021-01-30T03:15:20","modified_gmt":"2021-01-30T02:15:20","slug":"corona-bedeutet-hunger","status":"publish","type":"post","link":"https:\/\/damasalemanas.de\/esp\/corona-bedeutet-hunger\/","title":{"rendered":"Corona bedeutet Hunger \u2013 die Nahrungsmittelhilfe der Damas"},"content":{"rendered":"<p>\u201eWir bringen das Essen direkt dorthin, wo die Not zur Zeit am gr\u00f6\u00dften ist\u201c, sagt Carolin Haist, Pr\u00e4sidentin der Damas Alemanas. \u201eBei den gro\u00dfen Hilfsorganisationen f\u00e4llt zu viel an Verwaltungskosten an, und die Gefahr von Korruption ist einfach zu gro\u00df\u201c,\u00a0 f\u00e4hrt sie fort und bet\u00e4tigt den Blinker ihres Autos. Der Wagen ist einer von dreien, die auf den gro\u00dfen Parkplatz des Gran Aki Supermarkts im St\u00e4dtchen Tumbaco bei Quito einbiegen. Zum neunten Mal sind sie heute hier. Das erste Mal war Anfang Juni 2020. Nun ist Oktober. Sieben Monate Corona, sieben Monate Wirtschaftskrise in Ecuador, sieben Monate Hunger. Rund ein Zehntel der Bev\u00f6lkerung ist zum \u00dcberleben inzwischen auf Nahrungsmittelhilfe angewiesen.<\/p>\n\n\n\n<blockquote class=\"wp-block-quote has-text-align-center is-style-large is-layout-flow wp-block-quote-is-layout-flow\"><p><span style=\"color:#ea7005\" class=\"has-inline-color\"><strong>Einkaufen f\u00fcr die Armen: G\u00fcnstig und sicher muss es sein<\/strong><\/span><\/p><\/blockquote>\n\n\n\n<p>\u201eWir k\u00f6nnten auch auf lokalen M\u00e4rkten einkaufen\u201c, erkl\u00e4rt Sandra Biebeler, Mitglied im Vorstand der Damas Alemanas. Aber das ist aufwendig und riskant, weil dort viele Menschen aus den \u00e4rmeren Stadtvierteln einkaufen, wo Corona besonders verbreitet ist. Hier im AKI gibt es ein gro\u00dfes Angebot angemessenen Preisen, und mit Abstandsm\u00f6glichkeiten zu den \u00fcbrigen Kunden\u201c, sagt sie und blickt hin\u00fcber zu den anderen Damas. Vier sind zum Einkaufen gekommen. Heute sollen wieder 30 Kisten mit Lebensmitteln gef\u00fcllt werden. Wie jedes Mal, alle zwei Wochen.<\/p>\n\n\n\n<figure class=\"wp-block-image\"><img loading=\"lazy\" decoding=\"async\" width=\"1024\" height=\"576\" src=\"https:\/\/damasalemanas.de\/wp-content\/uploads\/2020\/12\/Wenn-das-Essen-weg-ist_Lebensmittelkiste-1024x576.jpg\" alt=\"\" class=\"wp-image-367\" srcset=\"https:\/\/damasalemanas.de\/wp-content\/uploads\/2020\/12\/Wenn-das-Essen-weg-ist_Lebensmittelkiste-1024x576.jpg 1024w, https:\/\/damasalemanas.de\/wp-content\/uploads\/2020\/12\/Wenn-das-Essen-weg-ist_Lebensmittelkiste-300x169.jpg 300w, https:\/\/damasalemanas.de\/wp-content\/uploads\/2020\/12\/Wenn-das-Essen-weg-ist_Lebensmittelkiste-768x432.jpg 768w, https:\/\/damasalemanas.de\/wp-content\/uploads\/2020\/12\/Wenn-das-Essen-weg-ist_Lebensmittelkiste-1200x675.jpg 1200w, https:\/\/damasalemanas.de\/wp-content\/uploads\/2020\/12\/Wenn-das-Essen-weg-ist_Lebensmittelkiste.jpg 1280w\" sizes=\"auto, (max-width: 1024px) 100vw, 1024px\" \/><figcaption>Eine Lebensmittelkiste enth\u00e4lt nicht nur Konserven, sondern auch viele frische Lebensmittel. Foto \u00a9 Regina Schimmele<\/figcaption><\/figure>\n\n\n\n<p>Der Gran Aki Supermarkt ist vergleichbar mit einem Aldi in Deutschland. Er hat breite G\u00e4nge und alles, was eine Familie an Nahrungsmitteln braucht. Es riecht penetrant nach Desinfektionsmittel &#8211; Alkohol und Chlor sind wie die omnipr\u00e4senten Fieberthermometer zu st\u00e4ndigen Begleitern der Corona-Pandemie geworden.<\/p>\n\n\n\n<div class=\"wp-block-image\"><figure class=\"aligncenter size-large\"><img loading=\"lazy\" decoding=\"async\" width=\"1024\" height=\"576\" src=\"https:\/\/damasalemanas.de\/wp-content\/uploads\/2020\/10\/Wenn-das-Essen-weg-ist-Einkauf-Gran-Aki-1024x576.jpg\" alt=\"Die Damas Alemanas t\u00e4tigen die Eink\u00e4ufe f\u00fcr die Lebensmittelkisten im Gran Aki Supermarkt in Tumbaco.\" class=\"wp-image-100\" srcset=\"https:\/\/damasalemanas.de\/wp-content\/uploads\/2020\/10\/Wenn-das-Essen-weg-ist-Einkauf-Gran-Aki-1024x576.jpg 1024w, https:\/\/damasalemanas.de\/wp-content\/uploads\/2020\/10\/Wenn-das-Essen-weg-ist-Einkauf-Gran-Aki-300x169.jpg 300w, https:\/\/damasalemanas.de\/wp-content\/uploads\/2020\/10\/Wenn-das-Essen-weg-ist-Einkauf-Gran-Aki-768x432.jpg 768w, https:\/\/damasalemanas.de\/wp-content\/uploads\/2020\/10\/Wenn-das-Essen-weg-ist-Einkauf-Gran-Aki-1200x675.jpg 1200w, https:\/\/damasalemanas.de\/wp-content\/uploads\/2020\/10\/Wenn-das-Essen-weg-ist-Einkauf-Gran-Aki.jpg 1280w\" sizes=\"auto, (max-width: 1024px) 100vw, 1024px\" \/><figcaption>Die Damas Alemanas t\u00e4tigen die Eink\u00e4ufe f\u00fcr die Lebensmittelkisten im Gran Aki Supermarkt in Tumbaco.<br>Foto \u00a9 Regina Schimmele<\/figcaption><\/figure><\/div>\n\n\n\n<blockquote class=\"wp-block-quote has-text-align-center is-style-large is-layout-flow wp-block-quote-is-layout-flow\"><p><span style=\"color:#ea7005\" class=\"has-inline-color\">\u201eDie wei\u00dfen Fahnen wurden mehr und mehr.\u201c<\/span><\/p><\/blockquote>\n\n\n\n<p>\u201eIn Lateinamerika h\u00e4ngen Menschen, die kein Essen mehr haben, eine wei\u00dfe Fahne aus dem Fenster. Dann wei\u00df jeder Nachbar, dass hier Hilfe gebraucht wird, und stellt etwas vor die T\u00fcr\u201c, erkl\u00e4rt Carolin Haist. Die wei\u00dfen Fahnen wurden Mitte des Jahres vor allem im historischen Zentrum von Quito und in den s\u00fcdlichen Stadtbezirken immer h\u00e4ufiger. \u201eAls monatelang Ausgangssperre herrschte, konnten die \u201einformales\u201c, die Stra\u00dfenverk\u00e4ufer, nicht arbeiten.&nbsp; Aber das sind 50% der Bev\u00f6lkerung!\u201c, erkl\u00e4rt sie weiter und \u00fcberpr\u00fcft w\u00e4hrenddessen die vollgepackten Einkaufswagen. Beatriz Schlenker, Vizepr\u00e4sidentin der Damas, schickt jeweils drei Tage vor der Packaktion eine Liste mit den ben\u00f6tigten Lebensmitteln: Reis, Bohnen, Quinoa, aber auch frische Lebensmittel wie gr\u00fcne Bananen oder Baumtomaten, au\u00dferdem Seife und Alkohol stehen auf dieser Liste.<\/p>\n\n\n\n<p>W\u00e4hrend drei Damas und f\u00fcnf Supermarkt-Mitarbeiter die Einkaufswagen voller Lebensmittel zu den Autos bringen, zahlt Carolin Haist die knapp 1.000 Dollar mit einem Scheck. Der 600 Kilogramm schwere Einkauf findet in Windeseile seinen Weg in die Kofferr\u00e4ume. Genau wie drei\u00dfig Bananenkisten, die ein Mitarbeiter noch aus dem Lager holt. Eine halbe Stunde ist vergangen, und die drei Autos sind wieder auf dem Weg. Sie biegen in die Stra\u00dfe ein, an deren Ende das Haus von Beatriz Schlenker steht. Wie fast \u00fcberall in Ecuador ist es von hohen Mauern und einem Stahltor gesch\u00fctzt. Langsam \u00f6ffnet es sich,&nbsp; und der Blick auf einen gro\u00dfen Innenhof wird frei. Nun l\u00e4uft es wie am Flie\u00dfband. Erst Ausladen. Dann k\u00fcmmert sich jede Dama um eine Sorte Lebensmittel und packt sie in die jeweilige Kiste. Die Stimmung ist fr\u00f6hlich und effizient &#8211; trotz Maske, die trotz weit ge\u00f6ffneter Fenster getragen wird.<\/p>\n\n\n\n<div class=\"wp-block-image\"><figure class=\"aligncenter size-large\"><img loading=\"lazy\" decoding=\"async\" width=\"1024\" height=\"576\" src=\"https:\/\/damasalemanas.de\/wp-content\/uploads\/2020\/10\/Wenn-das-Essen-weg-ist-Fahrer-Daniel-1024x576.jpg\" alt=\"Der Fahrer Daniel f\u00e4hrt die Lebensmittelkisten zu einzelnen Kirchengemeinden.\" class=\"wp-image-101\" srcset=\"https:\/\/damasalemanas.de\/wp-content\/uploads\/2020\/10\/Wenn-das-Essen-weg-ist-Fahrer-Daniel-1024x576.jpg 1024w, https:\/\/damasalemanas.de\/wp-content\/uploads\/2020\/10\/Wenn-das-Essen-weg-ist-Fahrer-Daniel-300x169.jpg 300w, https:\/\/damasalemanas.de\/wp-content\/uploads\/2020\/10\/Wenn-das-Essen-weg-ist-Fahrer-Daniel-768x432.jpg 768w, https:\/\/damasalemanas.de\/wp-content\/uploads\/2020\/10\/Wenn-das-Essen-weg-ist-Fahrer-Daniel-1200x675.jpg 1200w, https:\/\/damasalemanas.de\/wp-content\/uploads\/2020\/10\/Wenn-das-Essen-weg-ist-Fahrer-Daniel.jpg 1280w\" sizes=\"auto, (max-width: 1024px) 100vw, 1024px\" \/><figcaption>Der Fahrer Daniel f\u00e4hrt die Lebensmittelkisten zu einzelnen Kirchengemeinden. Foto \u00a9 Carolin Haist<\/figcaption><\/figure><\/div>\n\n\n\n<blockquote class=\"wp-block-quote has-text-align-center is-style-large is-layout-flow wp-block-quote-is-layout-flow\"><p><span style=\"color:#ea7005\" class=\"has-inline-color\">\u201eDiese Kiste fiel vom Himmel.\u201c<\/span><\/p><\/blockquote>\n\n\n\n<p>Mittlerweile sind nicht einmal drei Stunden vergangen. Die letzten T\u00fcten Reis landen in den Kisten.&nbsp; Jede einzelne wiegt etwas mehr als 20 Kilogramm und ist vollgepackt mit Lebensmitteln. Pl\u00f6tzlich hupt es vor dem Tor. Ein Auto steht dort. Daniel steigt aus. Er ist der Fahrer. Die Damas begr\u00fc\u00dfen ihn herzlich. \u201eWir kennen Daniel sehr gut und vertrauen ihm. Er arbeitet an der Deutschen Schule Quito und verbringt seine Freizeit unter anderem damit unsere Lebensmittelkisten zu verteilen\u201c, erkl\u00e4rt Beatriz Schlenker. Die Luft f\u00fcllt sich mit Benzingeruch w\u00e4hrend er die Kisten in den laufenden Bus l\u00e4dt. Zehn Minuten sp\u00e4ter ist er auf dem Weg.<\/p>\n\n\n\n<figure class=\"wp-block-image size-large\"><img loading=\"lazy\" decoding=\"async\" width=\"1024\" height=\"576\" src=\"https:\/\/damasalemanas.de\/wp-content\/uploads\/2020\/12\/Wenn-das-Essen-weg-ist_Uebergabe-1024x576.jpg\" alt=\"\" class=\"wp-image-369\" srcset=\"https:\/\/damasalemanas.de\/wp-content\/uploads\/2020\/12\/Wenn-das-Essen-weg-ist_Uebergabe-1024x576.jpg 1024w, https:\/\/damasalemanas.de\/wp-content\/uploads\/2020\/12\/Wenn-das-Essen-weg-ist_Uebergabe-300x169.jpg 300w, https:\/\/damasalemanas.de\/wp-content\/uploads\/2020\/12\/Wenn-das-Essen-weg-ist_Uebergabe-768x432.jpg 768w, https:\/\/damasalemanas.de\/wp-content\/uploads\/2020\/12\/Wenn-das-Essen-weg-ist_Uebergabe-1200x675.jpg 1200w, https:\/\/damasalemanas.de\/wp-content\/uploads\/2020\/12\/Wenn-das-Essen-weg-ist_Uebergabe.jpg 1280w\" sizes=\"auto, (max-width: 1024px) 100vw, 1024px\" \/><figcaption>Freude und Dankbarkeit herrscht bei jeder \u00dcbergabe einer Lebensmittelkiste. Foto \u00a9 J\u00fcrgen Haist<\/figcaption><\/figure>\n\n\n\n<p>Die Pfarrer der Gemeinden wissen am besten Bescheid, wer nichts mehr zu Essen hat, wer ein Kind bekommen hat, oder wegen Gehbeschwerden nicht mehr aus dem Haus kann. Sie wissen, wie es ist, wenn kein Geld und damit auch kein Essen da sind.<\/p>\n\n\n\n<p>Daniel fotografiert die \u00dcbergabe. Schon kommt die erste Dorfbewohnerin, die per Kirchenglocke \u00fcber die Ankunft der Spenden informiert wurde. Sie freut sich \u00fcber die ihre Kiste, nun hat sie zwei Wochen lang alles, was sie braucht. F\u00fcr sich, ihren Mann, ihre Kinder. \u201eSe me cayo del cielo, esta caja!\u201c, sagt sie und geht, zufrieden. \u201eDiese Kiste fiel vom Himmel.\u201c<\/p>\n\n\n\n<h2 class=\"wp-block-heading\">Weiterf\u00fchrende Links<\/h2>\n\n\n\n<figure class=\"wp-block-table\"><table class=\"has-fixed-layout\"><tbody><tr><td><a href=\"https:\/\/www.efe.com\/efe\/america\/sociedad\/la-comuna-de-quito-iza-bandera-blanca\/20000013-4230563\" target=\"_blank\" rel=\"noreferrer noopener\">Wei\u00dfe Flaggen<\/a><\/td><td><a href=\"https:\/\/www.elcomercio.com\/actualidad\/dia-mundial-alimentacion-aumento-desnutricion.html\" target=\"_blank\" rel=\"noreferrer noopener\">Nahrung in Ecuador<\/a><\/td><td><a href=\"https:\/\/www.aki.com.ec\" target=\"_blank\" rel=\"noreferrer noopener\">Gran Aki<\/a><\/td><\/tr><\/tbody><\/table><\/figure>\n\n\n\n<p><em>Tumbaco, Ecuador &#8211; 24.10.2020, 18:57 Uhr &#8211; Ralf Biebeler<\/em> \/ <em>Benita Schauer<\/em><\/p>","protected":false},"excerpt":{"rendered":"<p>\u201eWir bringen das Essen direkt dorthin, wo die Not zur Zeit am gr\u00f6\u00dften ist\u201c, sagt Carolin Haist, Pr\u00e4sidentin der Damas Alemanas. \u201eBei den gro\u00dfen Hilfsorganisationen f\u00e4llt zu viel an Verwaltungskosten an, und die Gefahr von Korruption ist einfach zu gro\u00df\u201c,\u00a0 f\u00e4hrt sie fort und bet\u00e4tigt den Blinker ihres Autos. Der Wagen ist einer von dreien, [&hellip;]<\/p>","protected":false},"author":1,"featured_media":406,"comment_status":"open","ping_status":"open","sticky":false,"template":"","format":"standard","meta":{"footnotes":""},"categories":[1,13,8],"tags":[],"class_list":["post-18","post","type-post","status-publish","format-standard","has-post-thumbnail","hentry","category-allgemein","category-nahrungsmittelhilfe","category-projekte"],"yoast_head":"<!-- This site is optimized with the Yoast SEO plugin v27.5 - https:\/\/yoast.com\/product\/yoast-seo-wordpress\/ -->\n<title>Wenn das Essen weg ist \u2013 ein Projekt der Damas Alemanas in Ecuador<\/title>\n<meta name=\"description\" content=\"Finden Sie hier die Reportage \u00fcber ein Projekt der Damas Alemanas Ecuador rund um die Verteilung von Lebensmittelkisten.\" \/>\n<meta name=\"robots\" content=\"index, follow, max-snippet:-1, max-image-preview:large, max-video-preview:-1\" \/>\n<link rel=\"canonical\" href=\"https:\/\/damasalemanas.de\/esp\/corona-bedeutet-hunger\/\" \/>\n<meta property=\"og:locale\" content=\"es_ES\" \/>\n<meta property=\"og:type\" content=\"article\" \/>\n<meta property=\"og:title\" content=\"Wenn das Essen weg ist \u2013 ein Projekt der Damas Alemanas in Ecuador\" \/>\n<meta property=\"og:description\" content=\"Finden Sie hier die Reportage \u00fcber ein Projekt der Damas Alemanas Ecuador rund um die Verteilung von Lebensmittelkisten.\" \/>\n<meta property=\"og:url\" content=\"https:\/\/damasalemanas.de\/esp\/corona-bedeutet-hunger\/\" \/>\n<meta property=\"og:site_name\" content=\"Damas Alemanas Ecuador\" \/>\n<meta property=\"article:published_time\" content=\"2020-10-12T16:53:16+00:00\" \/>\n<meta property=\"article:modified_time\" content=\"2021-01-30T02:15:20+00:00\" \/>\n<meta property=\"og:image\" content=\"https:\/\/damasalemanas.de\/wp-content\/uploads\/2020\/10\/Corona-bedeutet-Hunger-Titelbild.jpg\" \/>\n\t<meta property=\"og:image:width\" content=\"1280\" \/>\n\t<meta property=\"og:image:height\" content=\"720\" \/>\n\t<meta property=\"og:image:type\" content=\"image\/jpeg\" \/>\n<meta name=\"author\" content=\"admin\" \/>\n<meta name=\"twitter:card\" content=\"summary_large_image\" \/>\n<script type=\"application\/ld+json\" class=\"yoast-schema-graph\">{\"@context\":\"https:\\\/\\\/schema.org\",\"@graph\":[{\"@type\":\"Article\",\"@id\":\"https:\\\/\\\/damasalemanas.de\\\/esp\\\/corona-bedeutet-hunger\\\/#article\",\"isPartOf\":{\"@id\":\"https:\\\/\\\/damasalemanas.de\\\/esp\\\/corona-bedeutet-hunger\\\/\"},\"author\":{\"name\":\"admin\",\"@id\":\"https:\\\/\\\/damasalemanas.de\\\/#\\\/schema\\\/person\\\/2121e65a3b20e7731d80d5f06921e536\"},\"headline\":\"Corona bedeutet Hunger \u2013 die Nahrungsmittelhilfe der Damas\",\"datePublished\":\"2020-10-12T16:53:16+00:00\",\"dateModified\":\"2021-01-30T02:15:20+00:00\",\"mainEntityOfPage\":{\"@id\":\"https:\\\/\\\/damasalemanas.de\\\/esp\\\/corona-bedeutet-hunger\\\/\"},\"wordCount\":870,\"commentCount\":1,\"publisher\":{\"@id\":\"https:\\\/\\\/damasalemanas.de\\\/#organization\"},\"image\":{\"@id\":\"https:\\\/\\\/damasalemanas.de\\\/esp\\\/corona-bedeutet-hunger\\\/#primaryimage\"},\"thumbnailUrl\":\"https:\\\/\\\/damasalemanas.de\\\/wp-content\\\/uploads\\\/2020\\\/10\\\/Corona-bedeutet-Hunger-Titelbild.jpg\",\"articleSection\":[\"Allgemein\",\"Nahrungsmittelhilfe\",\"Projekte\"],\"inLanguage\":\"es\",\"potentialAction\":[{\"@type\":\"CommentAction\",\"name\":\"Comment\",\"target\":[\"https:\\\/\\\/damasalemanas.de\\\/esp\\\/corona-bedeutet-hunger\\\/#respond\"]}]},{\"@type\":\"WebPage\",\"@id\":\"https:\\\/\\\/damasalemanas.de\\\/esp\\\/corona-bedeutet-hunger\\\/\",\"url\":\"https:\\\/\\\/damasalemanas.de\\\/esp\\\/corona-bedeutet-hunger\\\/\",\"name\":\"Wenn das Essen weg ist \u2013 ein Projekt der Damas Alemanas in Ecuador\",\"isPartOf\":{\"@id\":\"https:\\\/\\\/damasalemanas.de\\\/#website\"},\"primaryImageOfPage\":{\"@id\":\"https:\\\/\\\/damasalemanas.de\\\/esp\\\/corona-bedeutet-hunger\\\/#primaryimage\"},\"image\":{\"@id\":\"https:\\\/\\\/damasalemanas.de\\\/esp\\\/corona-bedeutet-hunger\\\/#primaryimage\"},\"thumbnailUrl\":\"https:\\\/\\\/damasalemanas.de\\\/wp-content\\\/uploads\\\/2020\\\/10\\\/Corona-bedeutet-Hunger-Titelbild.jpg\",\"datePublished\":\"2020-10-12T16:53:16+00:00\",\"dateModified\":\"2021-01-30T02:15:20+00:00\",\"description\":\"Finden Sie hier die Reportage \u00fcber ein Projekt der Damas Alemanas Ecuador rund um die Verteilung von Lebensmittelkisten.\",\"breadcrumb\":{\"@id\":\"https:\\\/\\\/damasalemanas.de\\\/esp\\\/corona-bedeutet-hunger\\\/#breadcrumb\"},\"inLanguage\":\"es\",\"potentialAction\":[{\"@type\":\"ReadAction\",\"target\":[\"https:\\\/\\\/damasalemanas.de\\\/esp\\\/corona-bedeutet-hunger\\\/\"]}]},{\"@type\":\"ImageObject\",\"inLanguage\":\"es\",\"@id\":\"https:\\\/\\\/damasalemanas.de\\\/esp\\\/corona-bedeutet-hunger\\\/#primaryimage\",\"url\":\"https:\\\/\\\/damasalemanas.de\\\/wp-content\\\/uploads\\\/2020\\\/10\\\/Corona-bedeutet-Hunger-Titelbild.jpg\",\"contentUrl\":\"https:\\\/\\\/damasalemanas.de\\\/wp-content\\\/uploads\\\/2020\\\/10\\\/Corona-bedeutet-Hunger-Titelbild.jpg\",\"width\":1280,\"height\":720,\"caption\":\"F\u00fcr die Bev\u00f6lkerung von Ecuador bedeutet Corona oft, dass das Essen knapp wird. Foto \u00a9 Lucia Bayas\"},{\"@type\":\"BreadcrumbList\",\"@id\":\"https:\\\/\\\/damasalemanas.de\\\/esp\\\/corona-bedeutet-hunger\\\/#breadcrumb\",\"itemListElement\":[{\"@type\":\"ListItem\",\"position\":1,\"name\":\"Startseite\",\"item\":\"https:\\\/\\\/damasalemanas.de\\\/\"},{\"@type\":\"ListItem\",\"position\":2,\"name\":\"Corona bedeutet Hunger \u2013 die Nahrungsmittelhilfe der Damas\"}]},{\"@type\":\"WebSite\",\"@id\":\"https:\\\/\\\/damasalemanas.de\\\/#website\",\"url\":\"https:\\\/\\\/damasalemanas.de\\\/\",\"name\":\"Damas Alemanas Ecuador\",\"description\":\"\",\"publisher\":{\"@id\":\"https:\\\/\\\/damasalemanas.de\\\/#organization\"},\"potentialAction\":[{\"@type\":\"SearchAction\",\"target\":{\"@type\":\"EntryPoint\",\"urlTemplate\":\"https:\\\/\\\/damasalemanas.de\\\/?s={search_term_string}\"},\"query-input\":{\"@type\":\"PropertyValueSpecification\",\"valueRequired\":true,\"valueName\":\"search_term_string\"}}],\"inLanguage\":\"es\"},{\"@type\":\"Organization\",\"@id\":\"https:\\\/\\\/damasalemanas.de\\\/#organization\",\"name\":\"Damas Alemanas Ecuador\",\"url\":\"https:\\\/\\\/damasalemanas.de\\\/\",\"logo\":{\"@type\":\"ImageObject\",\"inLanguage\":\"es\",\"@id\":\"https:\\\/\\\/damasalemanas.de\\\/#\\\/schema\\\/logo\\\/image\\\/\",\"url\":\"https:\\\/\\\/damasalemanas.de\\\/wp-content\\\/uploads\\\/2020\\\/10\\\/cropped-Logo-Damas-Alemanas-1.png\",\"contentUrl\":\"https:\\\/\\\/damasalemanas.de\\\/wp-content\\\/uploads\\\/2020\\\/10\\\/cropped-Logo-Damas-Alemanas-1.png\",\"width\":487,\"height\":260,\"caption\":\"Damas Alemanas Ecuador\"},\"image\":{\"@id\":\"https:\\\/\\\/damasalemanas.de\\\/#\\\/schema\\\/logo\\\/image\\\/\"}},{\"@type\":\"Person\",\"@id\":\"https:\\\/\\\/damasalemanas.de\\\/#\\\/schema\\\/person\\\/2121e65a3b20e7731d80d5f06921e536\",\"name\":\"admin\",\"image\":{\"@type\":\"ImageObject\",\"inLanguage\":\"es\",\"@id\":\"https:\\\/\\\/secure.gravatar.com\\\/avatar\\\/156e7b31ea9a70fc0b219ffacd7910c2f6c6075e41ada4bcc0bcb57178704e34?s=96&d=blank&r=g\",\"url\":\"https:\\\/\\\/secure.gravatar.com\\\/avatar\\\/156e7b31ea9a70fc0b219ffacd7910c2f6c6075e41ada4bcc0bcb57178704e34?s=96&d=blank&r=g\",\"contentUrl\":\"https:\\\/\\\/secure.gravatar.com\\\/avatar\\\/156e7b31ea9a70fc0b219ffacd7910c2f6c6075e41ada4bcc0bcb57178704e34?s=96&d=blank&r=g\",\"caption\":\"admin\"},\"sameAs\":[\"https:\\\/\\\/damasalemanas.de\"],\"url\":\"https:\\\/\\\/damasalemanas.de\\\/esp\\\/author\\\/admin\\\/\"}]}<\/script>\n<!-- \/ Yoast SEO plugin. -->","yoast_head_json":{"title":"Wenn das Essen weg ist \u2013 ein Projekt der Damas Alemanas in Ecuador","description":"Finden Sie hier die Reportage \u00fcber ein Projekt der Damas Alemanas Ecuador rund um die Verteilung von Lebensmittelkisten.","robots":{"index":"index","follow":"follow","max-snippet":"max-snippet:-1","max-image-preview":"max-image-preview:large","max-video-preview":"max-video-preview:-1"},"canonical":"https:\/\/damasalemanas.de\/esp\/corona-bedeutet-hunger\/","og_locale":"es_ES","og_type":"article","og_title":"Wenn das Essen weg ist \u2013 ein Projekt der Damas Alemanas in Ecuador","og_description":"Finden Sie hier die Reportage \u00fcber ein Projekt der Damas Alemanas Ecuador rund um die Verteilung von Lebensmittelkisten.","og_url":"https:\/\/damasalemanas.de\/esp\/corona-bedeutet-hunger\/","og_site_name":"Damas Alemanas Ecuador","article_published_time":"2020-10-12T16:53:16+00:00","article_modified_time":"2021-01-30T02:15:20+00:00","og_image":[{"width":1280,"height":720,"url":"https:\/\/damasalemanas.de\/wp-content\/uploads\/2020\/10\/Corona-bedeutet-Hunger-Titelbild.jpg","type":"image\/jpeg"}],"author":"admin","twitter_card":"summary_large_image","schema":{"@context":"https:\/\/schema.org","@graph":[{"@type":"Article","@id":"https:\/\/damasalemanas.de\/esp\/corona-bedeutet-hunger\/#article","isPartOf":{"@id":"https:\/\/damasalemanas.de\/esp\/corona-bedeutet-hunger\/"},"author":{"name":"admin","@id":"https:\/\/damasalemanas.de\/#\/schema\/person\/2121e65a3b20e7731d80d5f06921e536"},"headline":"Corona bedeutet Hunger \u2013 die Nahrungsmittelhilfe der Damas","datePublished":"2020-10-12T16:53:16+00:00","dateModified":"2021-01-30T02:15:20+00:00","mainEntityOfPage":{"@id":"https:\/\/damasalemanas.de\/esp\/corona-bedeutet-hunger\/"},"wordCount":870,"commentCount":1,"publisher":{"@id":"https:\/\/damasalemanas.de\/#organization"},"image":{"@id":"https:\/\/damasalemanas.de\/esp\/corona-bedeutet-hunger\/#primaryimage"},"thumbnailUrl":"https:\/\/damasalemanas.de\/wp-content\/uploads\/2020\/10\/Corona-bedeutet-Hunger-Titelbild.jpg","articleSection":["Allgemein","Nahrungsmittelhilfe","Projekte"],"inLanguage":"es","potentialAction":[{"@type":"CommentAction","name":"Comment","target":["https:\/\/damasalemanas.de\/esp\/corona-bedeutet-hunger\/#respond"]}]},{"@type":"WebPage","@id":"https:\/\/damasalemanas.de\/esp\/corona-bedeutet-hunger\/","url":"https:\/\/damasalemanas.de\/esp\/corona-bedeutet-hunger\/","name":"Wenn das Essen weg ist \u2013 ein Projekt der Damas Alemanas in Ecuador","isPartOf":{"@id":"https:\/\/damasalemanas.de\/#website"},"primaryImageOfPage":{"@id":"https:\/\/damasalemanas.de\/esp\/corona-bedeutet-hunger\/#primaryimage"},"image":{"@id":"https:\/\/damasalemanas.de\/esp\/corona-bedeutet-hunger\/#primaryimage"},"thumbnailUrl":"https:\/\/damasalemanas.de\/wp-content\/uploads\/2020\/10\/Corona-bedeutet-Hunger-Titelbild.jpg","datePublished":"2020-10-12T16:53:16+00:00","dateModified":"2021-01-30T02:15:20+00:00","description":"Finden Sie hier die Reportage \u00fcber ein Projekt der Damas Alemanas Ecuador rund um die Verteilung von Lebensmittelkisten.","breadcrumb":{"@id":"https:\/\/damasalemanas.de\/esp\/corona-bedeutet-hunger\/#breadcrumb"},"inLanguage":"es","potentialAction":[{"@type":"ReadAction","target":["https:\/\/damasalemanas.de\/esp\/corona-bedeutet-hunger\/"]}]},{"@type":"ImageObject","inLanguage":"es","@id":"https:\/\/damasalemanas.de\/esp\/corona-bedeutet-hunger\/#primaryimage","url":"https:\/\/damasalemanas.de\/wp-content\/uploads\/2020\/10\/Corona-bedeutet-Hunger-Titelbild.jpg","contentUrl":"https:\/\/damasalemanas.de\/wp-content\/uploads\/2020\/10\/Corona-bedeutet-Hunger-Titelbild.jpg","width":1280,"height":720,"caption":"F\u00fcr die Bev\u00f6lkerung von Ecuador bedeutet Corona oft, dass das Essen knapp wird. Foto \u00a9 Lucia Bayas"},{"@type":"BreadcrumbList","@id":"https:\/\/damasalemanas.de\/esp\/corona-bedeutet-hunger\/#breadcrumb","itemListElement":[{"@type":"ListItem","position":1,"name":"Startseite","item":"https:\/\/damasalemanas.de\/"},{"@type":"ListItem","position":2,"name":"Corona bedeutet Hunger \u2013 die Nahrungsmittelhilfe der Damas"}]},{"@type":"WebSite","@id":"https:\/\/damasalemanas.de\/#website","url":"https:\/\/damasalemanas.de\/","name":"Damas Alemanas Ecuador","description":"","publisher":{"@id":"https:\/\/damasalemanas.de\/#organization"},"potentialAction":[{"@type":"SearchAction","target":{"@type":"EntryPoint","urlTemplate":"https:\/\/damasalemanas.de\/?s={search_term_string}"},"query-input":{"@type":"PropertyValueSpecification","valueRequired":true,"valueName":"search_term_string"}}],"inLanguage":"es"},{"@type":"Organization","@id":"https:\/\/damasalemanas.de\/#organization","name":"Damas Alemanas Ecuador","url":"https:\/\/damasalemanas.de\/","logo":{"@type":"ImageObject","inLanguage":"es","@id":"https:\/\/damasalemanas.de\/#\/schema\/logo\/image\/","url":"https:\/\/damasalemanas.de\/wp-content\/uploads\/2020\/10\/cropped-Logo-Damas-Alemanas-1.png","contentUrl":"https:\/\/damasalemanas.de\/wp-content\/uploads\/2020\/10\/cropped-Logo-Damas-Alemanas-1.png","width":487,"height":260,"caption":"Damas Alemanas Ecuador"},"image":{"@id":"https:\/\/damasalemanas.de\/#\/schema\/logo\/image\/"}},{"@type":"Person","@id":"https:\/\/damasalemanas.de\/#\/schema\/person\/2121e65a3b20e7731d80d5f06921e536","name":"admin","image":{"@type":"ImageObject","inLanguage":"es","@id":"https:\/\/secure.gravatar.com\/avatar\/156e7b31ea9a70fc0b219ffacd7910c2f6c6075e41ada4bcc0bcb57178704e34?s=96&d=blank&r=g","url":"https:\/\/secure.gravatar.com\/avatar\/156e7b31ea9a70fc0b219ffacd7910c2f6c6075e41ada4bcc0bcb57178704e34?s=96&d=blank&r=g","contentUrl":"https:\/\/secure.gravatar.com\/avatar\/156e7b31ea9a70fc0b219ffacd7910c2f6c6075e41ada4bcc0bcb57178704e34?s=96&d=blank&r=g","caption":"admin"},"sameAs":["https:\/\/damasalemanas.de"],"url":"https:\/\/damasalemanas.de\/esp\/author\/admin\/"}]}},"_links":{"self":[{"href":"https:\/\/damasalemanas.de\/esp\/wp-json\/wp\/v2\/posts\/18","targetHints":{"allow":["GET"]}}],"collection":[{"href":"https:\/\/damasalemanas.de\/esp\/wp-json\/wp\/v2\/posts"}],"about":[{"href":"https:\/\/damasalemanas.de\/esp\/wp-json\/wp\/v2\/types\/post"}],"author":[{"embeddable":true,"href":"https:\/\/damasalemanas.de\/esp\/wp-json\/wp\/v2\/users\/1"}],"replies":[{"embeddable":true,"href":"https:\/\/damasalemanas.de\/esp\/wp-json\/wp\/v2\/comments?post=18"}],"version-history":[{"count":22,"href":"https:\/\/damasalemanas.de\/esp\/wp-json\/wp\/v2\/posts\/18\/revisions"}],"predecessor-version":[{"id":513,"href":"https:\/\/damasalemanas.de\/esp\/wp-json\/wp\/v2\/posts\/18\/revisions\/513"}],"wp:featuredmedia":[{"embeddable":true,"href":"https:\/\/damasalemanas.de\/esp\/wp-json\/wp\/v2\/media\/406"}],"wp:attachment":[{"href":"https:\/\/damasalemanas.de\/esp\/wp-json\/wp\/v2\/media?parent=18"}],"wp:term":[{"taxonomy":"category","embeddable":true,"href":"https:\/\/damasalemanas.de\/esp\/wp-json\/wp\/v2\/categories?post=18"},{"taxonomy":"post_tag","embeddable":true,"href":"https:\/\/damasalemanas.de\/esp\/wp-json\/wp\/v2\/tags?post=18"}],"curies":[{"name":"wp","href":"https:\/\/api.w.org\/{rel}","templated":true}]}}